{"id":10881,"date":"2015-03-02T10:17:45","date_gmt":"2015-03-02T13:17:45","guid":{"rendered":"http:\/\/www.sincomam.org.br\/?p=10881"},"modified":"2015-03-02T10:17:45","modified_gmt":"2015-03-02T13:17:45","slug":"dilma-garante-manutencao-dos-projetos-da-p-75-e-p-77-em-rio-grande","status":"publish","type":"post","link":"https:\/\/www.sincomam.org.br\/index.php\/dilma-garante-manutencao-dos-projetos-da-p-75-e-p-77-em-rio-grande\/","title":{"rendered":"Dilma garante manuten\u00e7\u00e3o dos projetos da P-75 e P-77 em Rio Grande"},"content":{"rendered":"<p>Cumprindo agenda na regi\u00e3o, a presidente Dilma Rousseff recebeu, na manh\u00e3 da \u00faltima sexta (27), no Aeroporto de Pelotas, uma comitiva do Munic\u00edpio para dialogar sobre a situa\u00e7\u00e3o do Polo Naval. Na oportunidade, foi entregue \u00e0 presidente um documento solicitando ajuda do Governo Federal nas quest\u00f5es referentes \u00e0 manuten\u00e7\u00e3o do Polo Naval.<\/p>\n<p>Segundo o presidente do Sindicato dos Metal\u00fargicos do Rio Grande e S\u00e3o Jos\u00e9 do Norte (Stimmmerg), Benito Gon\u00e7alves, a grande preocupa\u00e7\u00e3o da categoria era a falta de resposta quanto aos projetos do Munic\u00edpio. Ele disse que a presidente garantiu a continuidade do Polo Naval no Munic\u00edpio. &#8220;Ela nos atendeu e disse para ficarmos tranquilos e que o projeto n\u00e3o vai mudar, que o Governo Federal vai manter os projetos. A presidente disse que a P-75 e a P-77 ser\u00e3o constru\u00eddas aqui em Rio Grande e que j\u00e1 h\u00e1 um di\u00e1logo com a Petrobras&#8221;, comentou. Gon\u00e7alves salientou que a presidente disse que ser\u00e3o analisados os ajustes a serem feitos dentro da lei, referentes aos contratos da P-75 e P-77.<\/p>\n<p>O prefeito Alexandre Lindenmeyer, que foi um dos l\u00edderes da comitiva, ressaltou que o encontro com a presidente foi objetivo. &#8220;Foi bom, objetivo e a presidente foi firme. Ela refor\u00e7ou que a ind\u00fastria naval veio para ficar, que ser\u00e1 fortalecida e que vamos superar as dificuldades&#8221;, destacou. Ele enfatizou que no documento entregue \u00e0s lideran\u00e7as envolvidas, reafirmaram o compromisso com o Polo Naval, por todos os benef\u00edcios que ele trouxe para a cidade, principalmente no que refere-se a empregos e investimentos. &#8220;A nossa posi\u00e7\u00e3o foi no sentido de reafirmar\u00a0 o fortalecimento do Polo Naval&#8221;, apontou.<\/p>\n<p>Lindenmeyer contou que ir\u00e1 &#8220;caminhar de frente&#8221; nesta luta e que j\u00e1 dialogou com as empresas QGI Brasil e Ecovix. Ele garantiu que j\u00e1 est\u00e1 agendado para a pr\u00f3xima semana um novo encontro com o ministro Miguel Rosseto.<\/p>\n<p><strong>Demiss\u00f5es <\/strong><\/p>\n<p>Sobre as poss\u00edveis demiss\u00f5es em massa que estariam ocorrendo, o presidente do Stimmmerg explicou que a QGI Brasil desmobilizou alguns funcion\u00e1rios, justamente por falta de resposta da Petrobras, e a Ecovix demitiu os funcion\u00e1rios que solicitaram a demiss\u00e3o. &#8220;A QGI estava desmobilizando o pessoal porque a Petrobras n\u00e3o se manifestava, mas agora acredito que com as declara\u00e7\u00f5es da presidente, as demiss\u00f5es devam parar. A Ecovix tinha cerca de 200 trabalhadores pedindo demiss\u00e3o, at\u00e9 mesmo por medo de, futuramente, n\u00e3o receberem o valor da rescis\u00e3o. Ent\u00e3o, a empresa demitiu algumas pessoas que queriam sair&#8221;, explicou.<\/p>\n<p>A Ecovix manifestou-se atrav\u00e9s de nota sobre as demiss\u00f5es, e garantiu que n\u00e3o existe demiss\u00e3o em massa. &#8220;Com rela\u00e7\u00e3o ao quadro de colaboradores, a constru\u00e7\u00e3o das FPSOs segue etapas que exigem um n\u00famero maior ou menor de funcion\u00e1rios e as movimenta\u00e7\u00f5es de pessoal est\u00e3o ligadas a essas etapas. Hoje, o n\u00famero gira em torno de 7.000 diretos e mais uns 2.000 indiretos. A empresa esclarece que n\u00e3o houve demiss\u00e3o em massa no estaleiro&#8221;.<\/p>\n<p>Fonte: Jornal Agora (RS)\/Aline Rodrigues<\/p>\n","protected":false},"excerpt":{"rendered":"<p>Cumprindo agenda na regi\u00e3o, a presidente Dilma Rousseff recebeu, na manh\u00e3 da \u00faltima sexta (27), no Aeroporto de Pelotas, uma comitiva do Munic\u00edpio para dialogar&#8230;<\/p>\n","protected":false},"author":1182,"featured_media":0,"comment_status":"closed","ping_status":"closed","sticky":false,"template":"","format":"standard","meta":{"footnotes":""},"categories":[6],"tags":[],"class_list":["post-10881","post","type-post","status-publish","format-standard","hentry","category-noticias"],"_links":{"self":[{"href":"https:\/\/www.sincomam.org.br\/index.php\/wp-json\/wp\/v2\/posts\/10881","targetHints":{"allow":["GET"]}}],"collection":[{"href":"https:\/\/www.sincomam.org.br\/index.php\/wp-json\/wp\/v2\/posts"}],"about":[{"href":"https:\/\/www.sincomam.org.br\/index.php\/wp-json\/wp\/v2\/types\/post"}],"author":[{"embeddable":true,"href":"https:\/\/www.sincomam.org.br\/index.php\/wp-json\/wp\/v2\/users\/1182"}],"replies":[{"embeddable":true,"href":"https:\/\/www.sincomam.org.br\/index.php\/wp-json\/wp\/v2\/comments?post=10881"}],"version-history":[{"count":1,"href":"https:\/\/www.sincomam.org.br\/index.php\/wp-json\/wp\/v2\/posts\/10881\/revisions"}],"predecessor-version":[{"id":10882,"href":"https:\/\/www.sincomam.org.br\/index.php\/wp-json\/wp\/v2\/posts\/10881\/revisions\/10882"}],"wp:attachment":[{"href":"https:\/\/www.sincomam.org.br\/index.php\/wp-json\/wp\/v2\/media?parent=10881"}],"wp:term":[{"taxonomy":"category","embeddable":true,"href":"https:\/\/www.sincomam.org.br\/index.php\/wp-json\/wp\/v2\/categories?post=10881"},{"taxonomy":"post_tag","embeddable":true,"href":"https:\/\/www.sincomam.org.br\/index.php\/wp-json\/wp\/v2\/tags?post=10881"}],"curies":[{"name":"wp","href":"https:\/\/api.w.org\/{rel}","templated":true}]}}