{"id":10857,"date":"2015-02-27T12:22:52","date_gmt":"2015-02-27T15:22:52","guid":{"rendered":"http:\/\/www.sincomam.org.br\/?p=10857"},"modified":"2015-02-27T15:03:14","modified_gmt":"2015-02-27T18:03:14","slug":"marinha-do-brasil-realiza-parada-naval-em-celebracao-aos-450-anos-do-rio","status":"publish","type":"post","link":"https:\/\/www.sincomam.org.br\/index.php\/marinha-do-brasil-realiza-parada-naval-em-celebracao-aos-450-anos-do-rio\/","title":{"rendered":"Marinha realiza Parada Naval em celebra\u00e7\u00e3o aos 450 anos do Rio"},"content":{"rendered":"<p><strong><em>Tradicional desfile naval ter\u00e1 a participa\u00e7\u00e3o de <b>veleiros que reconstituir\u00e3o a expedi\u00e7\u00e3o mar\u00edtima de Est\u00e1cio de S\u00e1 <\/b>e show musical na orla da cidade<\/em><\/strong><\/p>\n<p>Em comemora\u00e7\u00e3o aos 450 anos do Rio de Janeiro, a Marinha do Brasil (MB) informa que realizar\u00e1, no dia 1\u00b0 de mar\u00e7o, uma Parada Naval na orla da Cidade Maravilhosa com a participa\u00e7\u00e3o de sete navios que partir\u00e1 das proximidades do Forte S\u00e3o Jo\u00e3o, terminando o trajeto no Leblon. O evento est\u00e1 programado para iniciar \u00e0s 10h, e ser\u00e1 aberto ao p\u00fablico.<\/p>\n<p>De acordo com comunicado enviado pela Marinha, al\u00e9m da Parada, em parceira com a Academia Brasileira de Vela Educativa (ABRAVELA), a MB apoiar\u00e1 a execu\u00e7\u00e3o da competi\u00e7\u00e3o a vela \u201cGrand Regatta Rio 450\u201d e do III Encontro Nacional de Seguran\u00e7a do Velejador.<\/p>\n<p>Segundo a MB, a regata deve iniciar \u00e0s 13h nas proximidades da Escola Naval e segue at\u00e9 a Laje da Cagarra, de onde retorna ao ponto inicial, percorrendo cerca de 20 milhas n\u00e1uticas. A competi\u00e7\u00e3o contar\u00e1 com a participa\u00e7\u00e3o do Navio-Veleiro \u201cCisne Branco\u201d e de embarca\u00e7\u00f5es a vela que reconstituir\u00e3o a viagem da frota de Est\u00e1cio de S\u00e1.<\/p>\n<p>J\u00e1 o III Encontro Nacional de Seguran\u00e7a do Velejador, come\u00e7a \u00e0s 14h na Diretoria de Portos e Costas da Marinha. O evento conta com ciclo de palestras, workshop e exames de habilita\u00e7\u00e3o abertos aos candidatos a Arrais e Mestre.<br \/><b><br \/><\/b>Na programa\u00e7\u00e3o do evento consta ainda a apresenta\u00e7\u00e3o da Banda Marcial do 1\u00b0 Batalh\u00e3o de Guardas (Ex\u00e9rcito), a\u00a0cerim\u00f4nia de entrega da chave da Cidade ao Prefeito do Rio, show musical, entre outra atra\u00e7\u00f5es.<\/p>\n<p>Para mais informa\u00e7\u00f5es acesse:<a href=\"http:\/\/www.marinha.mil.br\/\" target=\"_blank\"> <strong>www.marinha.mil.br<\/strong><\/a> e <strong><a href=\"http:\/\/www.abravela.org\/grand-regatta-2015.html\" target=\"_blank\">http:\/\/www.abravela.org\/grand-regatta-2015.html<\/a><\/strong><\/p>\n<p>Fonte: MB \/ SINCOMAM &#8211; Margarida Putti<\/p>\n","protected":false},"excerpt":{"rendered":"<p>Tradicional desfile naval ter\u00e1 a participa\u00e7\u00e3o de veleiros que reconstituir\u00e3o a expedi\u00e7\u00e3o mar\u00edtima de Est\u00e1cio de S\u00e1 e show musical na orla da cidade Em&#8230;<\/p>\n","protected":false},"author":1182,"featured_media":9404,"comment_status":"closed","ping_status":"closed","sticky":false,"template":"","format":"standard","meta":{"footnotes":""},"categories":[6],"tags":[1684,61,20,1685,1447,15,67,117,1066,59],"class_list":["post-10857","post","type-post","status-publish","format-standard","has-post-thumbnail","hentry","category-noticias","tag-450-anos","tag-brasil","tag-comemoracao","tag-desfile","tag-guerra","tag-marinha","tag-naval","tag-navios","tag-parada","tag-rio-de-janeiro"],"_links":{"self":[{"href":"https:\/\/www.sincomam.org.br\/index.php\/wp-json\/wp\/v2\/posts\/10857","targetHints":{"allow":["GET"]}}],"collection":[{"href":"https:\/\/www.sincomam.org.br\/index.php\/wp-json\/wp\/v2\/posts"}],"about":[{"href":"https:\/\/www.sincomam.org.br\/index.php\/wp-json\/wp\/v2\/types\/post"}],"author":[{"embeddable":true,"href":"https:\/\/www.sincomam.org.br\/index.php\/wp-json\/wp\/v2\/users\/1182"}],"replies":[{"embeddable":true,"href":"https:\/\/www.sincomam.org.br\/index.php\/wp-json\/wp\/v2\/comments?post=10857"}],"version-history":[{"count":15,"href":"https:\/\/www.sincomam.org.br\/index.php\/wp-json\/wp\/v2\/posts\/10857\/revisions"}],"predecessor-version":[{"id":10872,"href":"https:\/\/www.sincomam.org.br\/index.php\/wp-json\/wp\/v2\/posts\/10857\/revisions\/10872"}],"wp:featuredmedia":[{"embeddable":true,"href":"https:\/\/www.sincomam.org.br\/index.php\/wp-json\/wp\/v2\/media\/9404"}],"wp:attachment":[{"href":"https:\/\/www.sincomam.org.br\/index.php\/wp-json\/wp\/v2\/media?parent=10857"}],"wp:term":[{"taxonomy":"category","embeddable":true,"href":"https:\/\/www.sincomam.org.br\/index.php\/wp-json\/wp\/v2\/categories?post=10857"},{"taxonomy":"post_tag","embeddable":true,"href":"https:\/\/www.sincomam.org.br\/index.php\/wp-json\/wp\/v2\/tags?post=10857"}],"curies":[{"name":"wp","href":"https:\/\/api.w.org\/{rel}","templated":true}]}}