{"id":10849,"date":"2015-02-27T08:32:09","date_gmt":"2015-02-27T11:32:09","guid":{"rendered":"http:\/\/www.sincomam.org.br\/?p=10849"},"modified":"2015-02-26T12:23:27","modified_gmt":"2015-02-26T15:23:27","slug":"dragagem-do-porto-do-rio-de-janeiro-vai-custar-r-210-milhoes","status":"publish","type":"post","link":"https:\/\/www.sincomam.org.br\/index.php\/dragagem-do-porto-do-rio-de-janeiro-vai-custar-r-210-milhoes\/","title":{"rendered":"Dragagem do Porto do Rio de Janeiro vai custar R$ 210 milh\u00f5es"},"content":{"rendered":"<p>O ministro da Secretaria de Portos, Edinho Ara\u00fajo, assinou nesta ter\u00e7a-feira (24) a ordem de servi\u00e7o b\u00e1sico de dragagem do Porto do Rio de Janeiro, que ser\u00e1 executada pelo Cons\u00f3rcio Van Oord\/Boskalis. A obra est\u00e1 or\u00e7ada em R$ 210 milh\u00f5es e vai ampliar o acesso da infraestrutura aquavi\u00e1ria ao complexo portu\u00e1rio do estado.<\/p>\n<p>Segundo o Edinho Ara\u00fajo, a obra \u00e9 de grande import\u00e2ncia, pois envolve tamb\u00e9m a economia do pa\u00eds e do estado. \u201cCom a adequa\u00e7\u00e3o do porto para navios de 345 metros de comprimento, vamos ter condi\u00e7\u00f5es de receber navios de grande porte e isso \u00e9 fundamental para a economia do pa\u00eds, principalmente para o Rio de Janeiro.\u201d<\/p>\n<p>O ministro explica que essa \u00e9 uma obra fundamental para o crescimento da exporta\u00e7\u00e3o e importa\u00e7\u00e3o no porto. \u201cConsideramos esse momento positivo, uma nota importante para importa\u00e7\u00e3o e exporta\u00e7\u00e3o brasileira tendo em vista as demandas que ocorreram ao longo desse tempo. A Secretaria de Portos da Presid\u00eancia da Rep\u00fablica obedece uma orienta\u00e7\u00e3o no sentido de capacitar cada vez mais nossos portos tornando os competitivos neste momento importante e singular na vida econ\u00f4mica do pa\u00eds\u201d completou.<\/p>\n<p>A obra envolve a dragagem de amplia\u00e7\u00e3o da geometria do canal de acesso, a bacia de evolu\u00e7\u00e3o e o acesso aos ber\u00e7os de acostagem. Al\u00e9m disso, o Porto do Rio tamb\u00e9m receber\u00e1 novos cabos submarinos de energia el\u00e9trica e de sistema de gera\u00e7\u00e3o de energia em emerg\u00eancia, al\u00e9m de novos alimentadores de energia e de nova adutora de \u00e1gua pot\u00e1vel \u00e0 Marinha do Brasil.<\/p>\n<p>O prazo de execu\u00e7\u00e3o dos projetos b\u00e1sicos e de execu\u00e7\u00e3o chega a cinco meses e das obras de dragagem e derrocamento, a 9 meses. O contrato prev\u00ea 20 meses para a conclus\u00e3o da obra. A profundidade atual de 15 metros ser\u00e1 obtida tamb\u00e9m na amplia\u00e7\u00e3o da bacia de evolu\u00e7\u00e3o e do canal de acesso.<\/p>\n<p>Fonte: Ag\u00eancia Brasil<\/p>\n","protected":false},"excerpt":{"rendered":"<p>O ministro da Secretaria de Portos, Edinho Ara\u00fajo, assinou nesta ter\u00e7a-feira (24) a ordem de servi\u00e7o b\u00e1sico de dragagem do Porto do Rio de Janeiro,&#8230;<\/p>\n","protected":false},"author":1182,"featured_media":4044,"comment_status":"closed","ping_status":"closed","sticky":false,"template":"","format":"standard","meta":{"footnotes":""},"categories":[6],"tags":[],"class_list":["post-10849","post","type-post","status-publish","format-standard","has-post-thumbnail","hentry","category-noticias"],"_links":{"self":[{"href":"https:\/\/www.sincomam.org.br\/index.php\/wp-json\/wp\/v2\/posts\/10849","targetHints":{"allow":["GET"]}}],"collection":[{"href":"https:\/\/www.sincomam.org.br\/index.php\/wp-json\/wp\/v2\/posts"}],"about":[{"href":"https:\/\/www.sincomam.org.br\/index.php\/wp-json\/wp\/v2\/types\/post"}],"author":[{"embeddable":true,"href":"https:\/\/www.sincomam.org.br\/index.php\/wp-json\/wp\/v2\/users\/1182"}],"replies":[{"embeddable":true,"href":"https:\/\/www.sincomam.org.br\/index.php\/wp-json\/wp\/v2\/comments?post=10849"}],"version-history":[{"count":1,"href":"https:\/\/www.sincomam.org.br\/index.php\/wp-json\/wp\/v2\/posts\/10849\/revisions"}],"predecessor-version":[{"id":10850,"href":"https:\/\/www.sincomam.org.br\/index.php\/wp-json\/wp\/v2\/posts\/10849\/revisions\/10850"}],"wp:featuredmedia":[{"embeddable":true,"href":"https:\/\/www.sincomam.org.br\/index.php\/wp-json\/wp\/v2\/media\/4044"}],"wp:attachment":[{"href":"https:\/\/www.sincomam.org.br\/index.php\/wp-json\/wp\/v2\/media?parent=10849"}],"wp:term":[{"taxonomy":"category","embeddable":true,"href":"https:\/\/www.sincomam.org.br\/index.php\/wp-json\/wp\/v2\/categories?post=10849"},{"taxonomy":"post_tag","embeddable":true,"href":"https:\/\/www.sincomam.org.br\/index.php\/wp-json\/wp\/v2\/tags?post=10849"}],"curies":[{"name":"wp","href":"https:\/\/api.w.org\/{rel}","templated":true}]}}