{"id":10834,"date":"2015-03-02T08:12:38","date_gmt":"2015-03-02T11:12:38","guid":{"rendered":"http:\/\/www.sincomam.org.br\/?p=10834"},"modified":"2015-03-02T10:23:32","modified_gmt":"2015-03-02T13:23:32","slug":"taxa-de-desemprego-sobe-53-em-janeiro-maior-alta-desde-setembro-de-2013","status":"publish","type":"post","link":"https:\/\/www.sincomam.org.br\/index.php\/taxa-de-desemprego-sobe-53-em-janeiro-maior-alta-desde-setembro-de-2013\/","title":{"rendered":"Taxa de desemprego sobe 5,3% em janeiro, maior alta desde setembro de 2013"},"content":{"rendered":"<p>A taxa de desemprego nas seis principais regi\u00f5es metropolitanas do Pa\u00eds ficou em 5,3% no m\u00eas de janeiro, informou, nesta quinta-feira (26), o Instituto Brasileiro de Geografia e Estat\u00edstica (IBGE).<\/p>\n<p>O resultado ficou dentro do intervalo das estimativas dos analistas ouvidos pelo AE Proje\u00e7\u00f5es, que esperavam um resultado entre 4,50% e 5,60%, e um pouco acima da mediana de 5,00%. Em dezembro, a taxa de desocupa\u00e7\u00e3o foi de 4 3%. O rendimento m\u00e9dio real dos trabalhadores registrou alta de 0,4% em janeiro de 2015 ante dezembro de 2014 e aumento de 1,7% na compara\u00e7\u00e3o com janeiro de 2014.<\/p>\n<p>Este \u00e9 o maior patamar desde setembro de 2013, quando a taxa chegou a 5,4%, ante a m\u00ednima hist\u00f3rica de 4,3 por cento em dezembro.<\/p>\n<p><strong>Renda<\/strong><\/p>\n<p>A massa de renda real habitual dos ocupados no Pa\u00eds somou R$ 50 7 bilh\u00f5es em janeiro, resultado que representa queda de 0,4% em rela\u00e7\u00e3o a dezembro de 2014. Na compara\u00e7\u00e3o com janeiro de 2014, a massa cresceu 2,0%. J\u00e1 a massa de renda real efetiva dos ocupados totalizou R$ 62,5 bilh\u00f5es em dezembro de 2014, alta de 11,2% em rela\u00e7\u00e3o a novembro.<\/p>\n<p>Na compara\u00e7\u00e3o com dezembro de 2013, houve aumento de 2,5% na massa de renda efetiva. O rendimento m\u00e9dio real dos trabalhadores em janeiro foi de R$ 2.168,80, contra R$ 2.161,20 em dezembro.<\/p>\n<p>Fonte: Estad\u00e3o Conte\u00fado com informa\u00e7\u00f5es da Reuters<\/p>\n","protected":false},"excerpt":{"rendered":"<p>A taxa de desemprego nas seis principais regi\u00f5es metropolitanas do Pa\u00eds ficou em 5,3% no m\u00eas de janeiro, informou, nesta quinta-feira (26), o Instituto Brasileiro&#8230;<\/p>\n","protected":false},"author":1182,"featured_media":3241,"comment_status":"closed","ping_status":"closed","sticky":false,"template":"","format":"standard","meta":{"footnotes":""},"categories":[6],"tags":[],"class_list":["post-10834","post","type-post","status-publish","format-standard","has-post-thumbnail","hentry","category-noticias"],"_links":{"self":[{"href":"https:\/\/www.sincomam.org.br\/index.php\/wp-json\/wp\/v2\/posts\/10834","targetHints":{"allow":["GET"]}}],"collection":[{"href":"https:\/\/www.sincomam.org.br\/index.php\/wp-json\/wp\/v2\/posts"}],"about":[{"href":"https:\/\/www.sincomam.org.br\/index.php\/wp-json\/wp\/v2\/types\/post"}],"author":[{"embeddable":true,"href":"https:\/\/www.sincomam.org.br\/index.php\/wp-json\/wp\/v2\/users\/1182"}],"replies":[{"embeddable":true,"href":"https:\/\/www.sincomam.org.br\/index.php\/wp-json\/wp\/v2\/comments?post=10834"}],"version-history":[{"count":1,"href":"https:\/\/www.sincomam.org.br\/index.php\/wp-json\/wp\/v2\/posts\/10834\/revisions"}],"predecessor-version":[{"id":10835,"href":"https:\/\/www.sincomam.org.br\/index.php\/wp-json\/wp\/v2\/posts\/10834\/revisions\/10835"}],"wp:featuredmedia":[{"embeddable":true,"href":"https:\/\/www.sincomam.org.br\/index.php\/wp-json\/wp\/v2\/media\/3241"}],"wp:attachment":[{"href":"https:\/\/www.sincomam.org.br\/index.php\/wp-json\/wp\/v2\/media?parent=10834"}],"wp:term":[{"taxonomy":"category","embeddable":true,"href":"https:\/\/www.sincomam.org.br\/index.php\/wp-json\/wp\/v2\/categories?post=10834"},{"taxonomy":"post_tag","embeddable":true,"href":"https:\/\/www.sincomam.org.br\/index.php\/wp-json\/wp\/v2\/tags?post=10834"}],"curies":[{"name":"wp","href":"https:\/\/api.w.org\/{rel}","templated":true}]}}