{"id":10807,"date":"2015-02-26T09:52:47","date_gmt":"2015-02-26T12:52:47","guid":{"rendered":"http:\/\/www.sincomam.org.br\/?p=10807"},"modified":"2015-02-26T09:52:47","modified_gmt":"2015-02-26T12:52:47","slug":"tecon-rio-grande-inicia-exportacao-de-farelo-de-soja-para-europa","status":"publish","type":"post","link":"https:\/\/www.sincomam.org.br\/index.php\/tecon-rio-grande-inicia-exportacao-de-farelo-de-soja-para-europa\/","title":{"rendered":"Tecon Rio Grande inicia exporta\u00e7\u00e3o de farelo de soja para Europa"},"content":{"rendered":"<p align=\"center\" style=\"text-align: left;\"><strong><em>Terminal de cont\u00eaineres ga\u00facho, em parceria com a Gomes e Marques e Serra Morena, viabilizar\u00e1 o embarque de cerca de 2.000 toneladas para a Alemanha<\/em><\/strong><\/p>\n<p>O Tecon Rio Grande, em parceria com a Gomes Marques e com a Serra Morena, informa que inicia, ainda em fevereiro, um projeto para exporta\u00e7\u00e3o de farelo de soja em cont\u00eaineres. Os produtos, cerca de 2.000 toneladas divididas em 100 cont\u00eaineres, ser\u00e3o enviados para a Alemanha em embarques semanais. Al\u00e9m do farelo de soja, o acordo pode ser estendido para atender mais cargas do setor agr\u00edcola, como milho, trigo, soja, entre outras.<\/p>\n<p>Segundo a empresa, ap\u00f3s estufado, o cont\u00eainer \u00e9 levado at\u00e9 o Tecon Rio Grande, que realiza a movimenta\u00e7\u00e3o e embarque da carga. J\u00e1 a Serra Morena, empresa localizada em Porto Alegre, \u00e9 a respons\u00e1vel pela comercializa\u00e7\u00e3o com os clientes finais na Europa.<\/p>\n<p>Para o diretor comercial do Tecon Rio Grande, Thierry Rios, a parceria demonstra a capacidade do terminal em atender diferentes setores da economia ga\u00facha. <\/p>\n<p>\u201cIniciamos o trabalho com a Gomes e Marques em 2014 para movimenta\u00e7\u00e3o de soja. Neste m\u00eas enviaremos os primeiros cont\u00eaineres com farelo para a Europa. Essas solu\u00e7\u00f5es log\u00edsticas que estamos propondo refor\u00e7am a nossa constante busca de alternativas acess\u00edveis para nossos clientes e para a economia do Estado\u201d, comenta.<\/p>\n<p><strong>A parceria<\/strong><\/p>\n<p><span>A Gomes e Marques Com\u00e9rcio de Cereais e Exporta\u00e7\u00e3o \u00e9 a empresa respons\u00e1vel pelo recebimento, armazenagem, estufagem e transporte dos gr\u00e3os. O processo para libera\u00e7\u00e3o do cont\u00eainer dura, em m\u00e9dia, 15 minutos. A empresa conta com infraestrutura para entregar de 20 a 30 cont\u00eaineres do produto por dia.\u00a0<\/span><\/p>\n<p>Entre as vantagens da estufagem de gr\u00e3os e exporta\u00e7\u00e3o por cont\u00eainer, est\u00e1 o acesso a mercados que trabalham com volumes menores das commodities; redu\u00e7\u00e3o de custo com despesas extras; facilidade na distribui\u00e7\u00e3o, al\u00e9m do melhor aproveitamento dos gr\u00e3os &#8211; que n\u00e3o sofrem altera\u00e7\u00f5es por condi\u00e7\u00f5es clim\u00e1ticas.<\/p>\n<p>Fonte: SINCOMAM \/ com informa\u00e7\u00f5es da Assessoria do Grupo Wilson Sons<\/p>\n","protected":false},"excerpt":{"rendered":"<p>Terminal de cont\u00eaineres ga\u00facho, em parceria com a Gomes e Marques e Serra Morena, viabilizar\u00e1 o embarque de cerca de 2.000 toneladas para a Alemanha&#8230;<\/p>\n","protected":false},"author":1182,"featured_media":0,"comment_status":"closed","ping_status":"closed","sticky":false,"template":"","format":"standard","meta":{"footnotes":""},"categories":[6],"tags":[1672,151,1671,1670,79,162,429],"class_list":["post-10807","post","type-post","status-publish","format-standard","hentry","category-noticias","tag-europa","tag-exportacao","tag-farelo","tag-inicia","tag-rio-grande","tag-soja","tag-tecon"],"_links":{"self":[{"href":"https:\/\/www.sincomam.org.br\/index.php\/wp-json\/wp\/v2\/posts\/10807","targetHints":{"allow":["GET"]}}],"collection":[{"href":"https:\/\/www.sincomam.org.br\/index.php\/wp-json\/wp\/v2\/posts"}],"about":[{"href":"https:\/\/www.sincomam.org.br\/index.php\/wp-json\/wp\/v2\/types\/post"}],"author":[{"embeddable":true,"href":"https:\/\/www.sincomam.org.br\/index.php\/wp-json\/wp\/v2\/users\/1182"}],"replies":[{"embeddable":true,"href":"https:\/\/www.sincomam.org.br\/index.php\/wp-json\/wp\/v2\/comments?post=10807"}],"version-history":[{"count":1,"href":"https:\/\/www.sincomam.org.br\/index.php\/wp-json\/wp\/v2\/posts\/10807\/revisions"}],"predecessor-version":[{"id":10808,"href":"https:\/\/www.sincomam.org.br\/index.php\/wp-json\/wp\/v2\/posts\/10807\/revisions\/10808"}],"wp:attachment":[{"href":"https:\/\/www.sincomam.org.br\/index.php\/wp-json\/wp\/v2\/media?parent=10807"}],"wp:term":[{"taxonomy":"category","embeddable":true,"href":"https:\/\/www.sincomam.org.br\/index.php\/wp-json\/wp\/v2\/categories?post=10807"},{"taxonomy":"post_tag","embeddable":true,"href":"https:\/\/www.sincomam.org.br\/index.php\/wp-json\/wp\/v2\/tags?post=10807"}],"curies":[{"name":"wp","href":"https:\/\/api.w.org\/{rel}","templated":true}]}}