{"id":10802,"date":"2015-02-26T09:37:35","date_gmt":"2015-02-26T12:37:35","guid":{"rendered":"http:\/\/www.sincomam.org.br\/?p=10802"},"modified":"2015-02-26T09:37:35","modified_gmt":"2015-02-26T12:37:35","slug":"sem-balanco-financeiro-petrobras-deve-ter-que-emitir-acoes","status":"publish","type":"post","link":"https:\/\/www.sincomam.org.br\/index.php\/sem-balanco-financeiro-petrobras-deve-ter-que-emitir-acoes\/","title":{"rendered":"Sem balan\u00e7o financeiro, Petrobras deve ter que emitir a\u00e7\u00f5es"},"content":{"rendered":"<p><strong><em>Analistas consideram medida inevit\u00e1vel para estatal pagar credores<\/em><\/strong><\/p>\n<p>A Petrobras deve se ver for\u00e7ada a emitir a\u00e7\u00f5es para levantar recursos \u2014 em condi\u00e7\u00f5es extremamente desfavor\u00e1veis de pre\u00e7o \u2014 caso n\u00e3o divulgue balan\u00e7o financeiro auditado at\u00e9 o fim de abril, dizem analistas financeiros. Esse \u00e9 o prazo da Securities and Exchange Commission (SEC) para a publica\u00e7\u00e3o do documento. Mesmo que grande parte dos credores aceite a publica\u00e7\u00e3o at\u00e9 60 dias ap\u00f3s esse limite, acredita-se que o desprezo pela norma da SEC possa levar \u00e0 exig\u00eancia de antecipa\u00e7\u00e3o de vencimento dos t\u00edtulos da empresa. O montante total supera US$ 50 bilh\u00f5es.<\/p>\n<p>\u00c9 \u00f3bvio que emitir a\u00e7\u00f5es n\u00e3o \u00e9 a uma op\u00e7\u00e3o excelente, uma vez que a ades\u00e3o seria pequena e a empresa teria de dar um grande desconto no seu pre\u00e7o para ser atraente \u2014 disse Karina Freitas, da Conc\u00f3rdia. \u2014 \u00c9 f\u00e1cil falar que a situa\u00e7\u00e3o poderia ser resolvida com um aporte do BNDES, mas isso leva em conta uma situa\u00e7\u00e3o que n\u00e3o existe mais para o banco de fomento nesse cen\u00e1rio de austeridade.<\/p>\n<p>Em relat\u00f3rio, Paula Kovarsky, do Ita\u00fa BBA, considerou inevit\u00e1vel a emiss\u00e3o de a\u00e7\u00f5es se a Petrobras n\u00e3o publicar o balan\u00e7o at\u00e9 abril e se for rebaixada pela Fitch. E para Omar Zeolla, da Oppenheimer, o atual baixo pre\u00e7o da a\u00e7\u00e3o da estatal significa que os acionistas j\u00e1 antecipam uma dilui\u00e7\u00e3o dos pap\u00e9is com essa poss\u00edvel oferta.<\/p>\n<p>O rebaixamento da nota de cr\u00e9dito da Petrobras, que perdeu o grau de investimento na ag\u00eancia de classifica\u00e7\u00e3o de risco Moody\u2019s, fez com que as a\u00e7\u00f5es da estatal fechassem com queda de quase de 5%, nesta quarta-feira. As a\u00e7\u00f5es preferenciais (PNs, sem direito a voto) da Petrobras registraram queda de 4,87%, a R$ 9,38, e as ordin\u00e1rias (ONs, com direito a voto) ca\u00edram 4,52%, a R$ 9,30.<\/p>\n<p>Durante o dia, o papel preferencial (com direito a voto) da petrol\u00edfera chegou a cair 8,72%. Houve queda tamb\u00e9m nos neg\u00f3cios realizados na Bolsa de Nova York. Os recibos de dep\u00f3sitos de a\u00e7\u00f5es (ADRs, American Depositary Receipts) da Petrobras recuaram 5,69%, a US$ 6,47. Na ter\u00e7a-feira, esses pap\u00e9is tinham fechado em alta de 5,86%, a US$ 6,86.<\/p>\n<p><strong>Conselheiro<\/strong><\/p>\n<p>O representante dos funcion\u00e1rios da Petrobras no Conselho de Administra\u00e7\u00e3o da companhia, S\u00edlvio Sinedino, disse nesta quarta-feira que o governo federal deveria usar parte das reservas internacionais, de US$ 380 bilh\u00f5es, na compra de a\u00e7\u00f5es da Petrobras.<\/p>\n<p>&#8211; A Petrobras est\u00e1 com a situa\u00e7\u00e3o de caixa dif\u00edcil e o governo precisa dar uma demonstra\u00e7\u00e3o que acredita na companhia. Se o governo federal n\u00e3o acredita, quem vai acreditar? &#8211; questionou.<\/p>\n<p>Fonte: O Globo \/ Com Ramona Ordo\u00f1ez e Ana Paula Ribeiro<\/p>\n","protected":false},"excerpt":{"rendered":"<p>Analistas consideram medida inevit\u00e1vel para estatal pagar credores A Petrobras deve se ver for\u00e7ada a emitir a\u00e7\u00f5es para levantar recursos \u2014 em condi\u00e7\u00f5es extremamente desfavor\u00e1veis&#8230;<\/p>\n","protected":false},"author":1182,"featured_media":0,"comment_status":"closed","ping_status":"closed","sticky":false,"template":"","format":"standard","meta":{"footnotes":""},"categories":[6],"tags":[590,1667,577,1668,1555,58,1669,557],"class_list":["post-10802","post","type-post","status-publish","format-standard","hentry","category-noticias","tag-acoes","tag-ausencia","tag-balanco","tag-financeiro","tag-notas","tag-petrobras","tag-rebaixamento","tag-vendas"],"_links":{"self":[{"href":"https:\/\/www.sincomam.org.br\/index.php\/wp-json\/wp\/v2\/posts\/10802","targetHints":{"allow":["GET"]}}],"collection":[{"href":"https:\/\/www.sincomam.org.br\/index.php\/wp-json\/wp\/v2\/posts"}],"about":[{"href":"https:\/\/www.sincomam.org.br\/index.php\/wp-json\/wp\/v2\/types\/post"}],"author":[{"embeddable":true,"href":"https:\/\/www.sincomam.org.br\/index.php\/wp-json\/wp\/v2\/users\/1182"}],"replies":[{"embeddable":true,"href":"https:\/\/www.sincomam.org.br\/index.php\/wp-json\/wp\/v2\/comments?post=10802"}],"version-history":[{"count":1,"href":"https:\/\/www.sincomam.org.br\/index.php\/wp-json\/wp\/v2\/posts\/10802\/revisions"}],"predecessor-version":[{"id":10803,"href":"https:\/\/www.sincomam.org.br\/index.php\/wp-json\/wp\/v2\/posts\/10802\/revisions\/10803"}],"wp:attachment":[{"href":"https:\/\/www.sincomam.org.br\/index.php\/wp-json\/wp\/v2\/media?parent=10802"}],"wp:term":[{"taxonomy":"category","embeddable":true,"href":"https:\/\/www.sincomam.org.br\/index.php\/wp-json\/wp\/v2\/categories?post=10802"},{"taxonomy":"post_tag","embeddable":true,"href":"https:\/\/www.sincomam.org.br\/index.php\/wp-json\/wp\/v2\/tags?post=10802"}],"curies":[{"name":"wp","href":"https:\/\/api.w.org\/{rel}","templated":true}]}}