{"id":10783,"date":"2015-02-25T10:40:22","date_gmt":"2015-02-25T13:40:22","guid":{"rendered":"http:\/\/www.sincomam.org.br\/?p=10783"},"modified":"2015-02-25T10:40:22","modified_gmt":"2015-02-25T13:40:22","slug":"presidente-da-braskem-reforca-necessidade-de-defesa-da-industria-local","status":"publish","type":"post","link":"https:\/\/www.sincomam.org.br\/index.php\/presidente-da-braskem-reforca-necessidade-de-defesa-da-industria-local\/","title":{"rendered":"Presidente da Braskem refor\u00e7a necessidade de defesa da ind\u00fastria local"},"content":{"rendered":"<p>A dire\u00e7\u00e3o da Braskem voltou a defender a necessidade de o governo federal estabelecer uma agenda de defesa est\u00edmulo \u00e0 ind\u00fastria brasileira, em paralelo \u00e0s propostas de ajuste fiscal que t\u00eam sido apresentadas. \u201cA ind\u00fastria exige aten\u00e7\u00e3o. Vamos passar por um ano de ajuste fiscal e a Braskem, assim como o setor industrial, defende que n\u00e3o \u00e9 necess\u00e1rio somente uma agenda\u201d, afirmou o presidente da petroqu\u00edmica, Carlos Fadigas, em encontro com analistas e investidores em S\u00e3o Paulo.<\/p>\n<p>\u201cEsse \u00e9 um momento um pouco excepcional, por conta do volume de desafios que a economia brasileira enfrenta nesse in\u00edcio de ano\u201d, disse, referindo-se tamb\u00e9m aos riscos de racionamento de energia e \u00e0 escassez de \u00e1gua.<\/p>\n<p>Especificamente sobre a ind\u00fastria qu\u00edmica, o executivo lembrou que, no ano passado, foram alcan\u00e7adas duas marcas hist\u00f3ricas negativas: a menor taxa de opera\u00e7\u00e3o da hist\u00f3ria, de 79%, e a participa\u00e7\u00e3o recorde de importados no mercado dom\u00e9stico, acima de 36%. \u201cTem de haver agenda de defesa e de est\u00edmulo \u00e0 ind\u00fastria brasileira.\u201d<\/p>\n<p>J\u00e1 no cen\u00e1rio internacional, o executivo apontou que, esse \u00e9 um ano de momentos diferentes para economias distintas. \u201cO Brasil passa por um momento muito mais delicado que outras economias\u201d, afirmou. Nos Estados Unidos, a expectativa \u00e9 a de recupera\u00e7\u00e3o da economia, com expans\u00e3o projetada de 3,6% no PIB neste ano e, na China, a percep\u00e7\u00e3o \u00e9 a que o ritmo de crescimento econ\u00f4mico tem sido bem administrado.<\/p>\n<p>\u201cA China tem conseguido administrar o crescimento econ\u00f4mico. Eles mudaram o modelo e, mesmo assim, um crescimento de 6,8% \u00e9 uma maravilha de n\u00famero perto do Brasil\u201d, afirmou Fadigas. Em rela\u00e7\u00e3o \u00e0 zona do euro, a expectativa, nesse momento, \u00e9 a de desempenho neutro.<\/p>\n<p>Fonte: Valor Econ\u00f4mico\/Stella Fontes<\/p>\n","protected":false},"excerpt":{"rendered":"<p>A dire\u00e7\u00e3o da Braskem voltou a defender a necessidade de o governo federal estabelecer uma agenda de defesa est\u00edmulo \u00e0 ind\u00fastria brasileira, em paralelo \u00e0s&#8230;<\/p>\n","protected":false},"author":1182,"featured_media":10574,"comment_status":"closed","ping_status":"closed","sticky":false,"template":"","format":"standard","meta":{"footnotes":""},"categories":[6],"tags":[],"class_list":["post-10783","post","type-post","status-publish","format-standard","has-post-thumbnail","hentry","category-noticias"],"_links":{"self":[{"href":"https:\/\/www.sincomam.org.br\/index.php\/wp-json\/wp\/v2\/posts\/10783","targetHints":{"allow":["GET"]}}],"collection":[{"href":"https:\/\/www.sincomam.org.br\/index.php\/wp-json\/wp\/v2\/posts"}],"about":[{"href":"https:\/\/www.sincomam.org.br\/index.php\/wp-json\/wp\/v2\/types\/post"}],"author":[{"embeddable":true,"href":"https:\/\/www.sincomam.org.br\/index.php\/wp-json\/wp\/v2\/users\/1182"}],"replies":[{"embeddable":true,"href":"https:\/\/www.sincomam.org.br\/index.php\/wp-json\/wp\/v2\/comments?post=10783"}],"version-history":[{"count":1,"href":"https:\/\/www.sincomam.org.br\/index.php\/wp-json\/wp\/v2\/posts\/10783\/revisions"}],"predecessor-version":[{"id":10784,"href":"https:\/\/www.sincomam.org.br\/index.php\/wp-json\/wp\/v2\/posts\/10783\/revisions\/10784"}],"wp:featuredmedia":[{"embeddable":true,"href":"https:\/\/www.sincomam.org.br\/index.php\/wp-json\/wp\/v2\/media\/10574"}],"wp:attachment":[{"href":"https:\/\/www.sincomam.org.br\/index.php\/wp-json\/wp\/v2\/media?parent=10783"}],"wp:term":[{"taxonomy":"category","embeddable":true,"href":"https:\/\/www.sincomam.org.br\/index.php\/wp-json\/wp\/v2\/categories?post=10783"},{"taxonomy":"post_tag","embeddable":true,"href":"https:\/\/www.sincomam.org.br\/index.php\/wp-json\/wp\/v2\/tags?post=10783"}],"curies":[{"name":"wp","href":"https:\/\/api.w.org\/{rel}","templated":true}]}}