{"id":10775,"date":"2015-02-25T09:27:59","date_gmt":"2015-02-25T12:27:59","guid":{"rendered":"http:\/\/www.sincomam.org.br\/?p=10775"},"modified":"2015-02-25T09:27:59","modified_gmt":"2015-02-25T12:27:59","slug":"protesto-de-caminhoneiros-afeta-porto-de-antonina-e-paranagua","status":"publish","type":"post","link":"https:\/\/www.sincomam.org.br\/index.php\/protesto-de-caminhoneiros-afeta-porto-de-antonina-e-paranagua\/","title":{"rendered":"Protesto de caminhoneiros afeta Porto de Antonina e Paranagu\u00e1"},"content":{"rendered":"<p><strong><em>O grupo luta contra a alta no pre\u00e7o dos combust\u00edveis e baixo pre\u00e7o do frete<\/em><\/strong><\/p>\n<p>A greve dos caminhoneiros que bloqueia v\u00e1rios pontos do Brasil contra a alta dos pre\u00e7os do combust\u00edvel ap\u00f3s o reajuste no PIS (Programa de Integra\u00e7\u00e3o Social) e Confins (Contribui\u00e7\u00e3o para o Financiamento da Seguridade Social) incidentes sobre o diesel e baixo pre\u00e7o dos fretes vem provocando impactos negativos no setor.<\/p>\n<p>Um protesto bloqueou parcialmente 38 pontos em nove rodovias do Paran\u00e1, Rio Grande do Sul, Santa Catarina e Mato Grosso desde o \u00faltimo domingo, (22). Em cada ponto, cerca de cem caminhoneiros de carga, exceto cargas vivas, de ra\u00e7\u00e3o e de leite, est\u00e3o parados nos acostamentos.<\/p>\n<p>Procurada pela equipe do Guia Mar\u00edtimo, a Appa (Administra\u00e7\u00e3o dos Portos de Antonina e Paranagu\u00e1) disse que a greve dos caminhoneiros nas estradas do Pa\u00eds est\u00e1 implicando em um volume mais baixo de cargas descarregadas no Porto de Paranagu\u00e1 pelo modal rodovi\u00e1rio. A administra\u00e7\u00e3o disse ainda, que a falta de caminh\u00f5es para descarregamento de cargas afetou a programa\u00e7\u00e3o dos navios. Por volta as 13h da ter\u00e7a feira, (24), apenas 10% da carga programada para ser carregada encontrava-se no Porto.\u00a0 A previs\u00e3o do porto era receber 925 caminh\u00f5es no P\u00e1tio de Triagem. At\u00e9 o fechamento dessa mat\u00e9ria, apenas 45 caminh\u00f5es tinham sido recebidos. \u201cNa segunda-feira, (23), 1569 caminh\u00f5es deixaram de carregar suas cargas em dire\u00e7\u00e3o ao porto e cancelaram as suas senhas no sistema de carga online\u201d.<\/p>\n<p>A preocupa\u00e7\u00e3o da Appa \u00e9 quanto ao escoamento da safra. A administra\u00e7\u00e3o dos portos disse ainda que est\u00e1 se preparando para o momento em que ocorrerem os desbloqueios das estradas, \u201cpois haver\u00e1 um ac\u00famulo dos ve\u00edculos parados para descarregamento em Paranagu\u00e1.\u201d<\/p>\n<p>O aumento de R$ 0,15 por litro do diesel e R$ 0,22 por litro da gasolina foi repassado ao consumidor desde 1\u00ba de fevereiro. O valor reajustado representa aumento de 5,75% no pre\u00e7o do diesel comum e 5,43% no pre\u00e7o do diesel S-10. Ambos os combust\u00edveis s\u00e3o utilizados para a realiza\u00e7\u00e3o dos servi\u00e7os de transporte de cargas e passageiros.<\/p>\n<p>Fonte: Guia Mar\u00edtimo \/ Kamila Donato<\/p>\n","protected":false},"excerpt":{"rendered":"<p>O grupo luta contra a alta no pre\u00e7o dos combust\u00edveis e baixo pre\u00e7o do frete A greve dos caminhoneiros que bloqueia v\u00e1rios pontos do Brasil&#8230;<\/p>\n","protected":false},"author":1182,"featured_media":10776,"comment_status":"closed","ping_status":"closed","sticky":false,"template":"","format":"standard","meta":{"footnotes":""},"categories":[6],"tags":[],"class_list":["post-10775","post","type-post","status-publish","format-standard","has-post-thumbnail","hentry","category-noticias"],"_links":{"self":[{"href":"https:\/\/www.sincomam.org.br\/index.php\/wp-json\/wp\/v2\/posts\/10775","targetHints":{"allow":["GET"]}}],"collection":[{"href":"https:\/\/www.sincomam.org.br\/index.php\/wp-json\/wp\/v2\/posts"}],"about":[{"href":"https:\/\/www.sincomam.org.br\/index.php\/wp-json\/wp\/v2\/types\/post"}],"author":[{"embeddable":true,"href":"https:\/\/www.sincomam.org.br\/index.php\/wp-json\/wp\/v2\/users\/1182"}],"replies":[{"embeddable":true,"href":"https:\/\/www.sincomam.org.br\/index.php\/wp-json\/wp\/v2\/comments?post=10775"}],"version-history":[{"count":1,"href":"https:\/\/www.sincomam.org.br\/index.php\/wp-json\/wp\/v2\/posts\/10775\/revisions"}],"predecessor-version":[{"id":10777,"href":"https:\/\/www.sincomam.org.br\/index.php\/wp-json\/wp\/v2\/posts\/10775\/revisions\/10777"}],"wp:featuredmedia":[{"embeddable":true,"href":"https:\/\/www.sincomam.org.br\/index.php\/wp-json\/wp\/v2\/media\/10776"}],"wp:attachment":[{"href":"https:\/\/www.sincomam.org.br\/index.php\/wp-json\/wp\/v2\/media?parent=10775"}],"wp:term":[{"taxonomy":"category","embeddable":true,"href":"https:\/\/www.sincomam.org.br\/index.php\/wp-json\/wp\/v2\/categories?post=10775"},{"taxonomy":"post_tag","embeddable":true,"href":"https:\/\/www.sincomam.org.br\/index.php\/wp-json\/wp\/v2\/tags?post=10775"}],"curies":[{"name":"wp","href":"https:\/\/api.w.org\/{rel}","templated":true}]}}