{"id":10764,"date":"2015-02-25T08:43:34","date_gmt":"2015-02-25T11:43:34","guid":{"rendered":"http:\/\/www.sincomam.org.br\/?p=10764"},"modified":"2015-02-25T08:43:34","modified_gmt":"2015-02-25T11:43:34","slug":"ato-em-defesa-da-petrobras-tem-briga-de-militantes-pro-e-contra-pt-no-rio","status":"publish","type":"post","link":"https:\/\/www.sincomam.org.br\/index.php\/ato-em-defesa-da-petrobras-tem-briga-de-militantes-pro-e-contra-pt-no-rio\/","title":{"rendered":"Ato em defesa da Petrobras tem briga de militantes pr\u00f3 e contra PT no Rio"},"content":{"rendered":"<p><strong><em>Ex-presidente Luiz In\u00e1cio Lula da Silva chegou \u00e0s 19h20 para ato na ABI. Por volta das 18h, grupos chegaram a trocar socos e chutes<\/em><\/strong><\/p>\n<p>Na cal\u00e7ada do pr\u00e9dio da Associa\u00e7\u00e3o Brasileira de Imprensa, no Centro do Rio, dezenas de militantes do PT e da Central \u00danica dos Trabalhadores (CUT) ovacionavam, por volta das 18h desta ter\u00e7a-feira (24), o ex-presidente Lula, pouco antes de ele chegar para ato em defesa da Petrobras. Do lado contr\u00e1rio, um grupo bem menor, de aproximadamente 15 pessoas, fazia um minipanela\u00e7o, gritando &#8220;fora PT&#8221; e &#8220;fora Lula&#8221;. Ap\u00f3s muita provoca\u00e7\u00e3o, foram iniciadas pelo menos duas brigas entre os grupos, com chutes e pontap\u00e9s.<\/p>\n<p>O pouco policiamento n\u00e3o conseguia conter o tumulto inicialmente. O tr\u00e1fego na Rua Ara\u00fajo Porto Alegre foi totalmente obstru\u00eddo, obrigando os ve\u00edculos a seguirem pela Rua M\u00e9xico.<\/p>\n<p>\u00c0s 18h15, chegou refor\u00e7o da Pol\u00edcia Militar e o tr\u00e2nsito na Ara\u00fajo Porto Alegre foi liberado. Os policiais se posicionaram de modo a proteger o grupo contr\u00e1rio ao PT, que era em n\u00famero muito menor que os militantes.<\/p>\n<p>Depois dos dois confrontos f\u00edsicos entre o grupo contr\u00e1rio ao PT e os petistas, os opositores se dispersaram. Representes dos sindicatos que organizam o ato pediam aos seus militantes que n\u00e3o respondessem \u00e0s provoca\u00e7\u00f5es. No entanto, por duas vezes pessoas que passaram pela cal\u00e7ada e gritaram palavras contr\u00e1rias ao atual governo foram atacadas com garrafas de \u00e1gua vazias e insultos. Houve um momento em que militantes do PT jogaram ovos no grupo que gritava &#8220;fora Dilma&#8221;.<\/p>\n<p><strong>Lula chega sem tumulto<\/strong><\/p>\n<p>O ato \u201cDefender a Petrobras \u00e9 defender o Brasil\u201d foi convocado pela CUT e pela Federa\u00e7\u00e3o \u00danica dos Petroleiros (FUP). Por volta das 19h20, o ex-presidente Lula chegou ao local sem qualquer tumulto e sua participa\u00e7\u00e3o no ato foi transmitida ao p\u00fablico que se aglomerava na cal\u00e7ada da ABI. Al\u00e9m de Lula, estavam previstos para participar do ato sindicalistas, advogados, jornalistas e intelectuais.<\/p>\n<p>No manifesto dos organizadores do ato, o grupo diz que h\u00e1 uma &#8220;campanha visando \u00e0 desmoraliza\u00e7\u00e3o da Petrobr\u00e1s, com reflexos diretos sobre o setor de \u00d3leo e G\u00e1s, respons\u00e1vel por investimentos e gera\u00e7\u00e3o de empregos em todo o Pa\u00eds; campanha que j\u00e1 prejudicou a empresa e o setor em escala muito superior \u00e0 dos desvios investigados&#8221;.<\/p>\n<p>Fonte: G1 \/\u00a0<span> <\/span><span>Foto: Jo\u00e3o Laet \/ Ag\u00eancia O Dia<\/span><\/p>\n","protected":false},"excerpt":{"rendered":"<p>Ex-presidente Luiz In\u00e1cio Lula da Silva chegou \u00e0s 19h20 para ato na ABI. Por volta das 18h, grupos chegaram a trocar socos e chutes Na&#8230;<\/p>\n","protected":false},"author":1182,"featured_media":10765,"comment_status":"closed","ping_status":"closed","sticky":false,"template":"","format":"standard","meta":{"footnotes":""},"categories":[6],"tags":[],"class_list":["post-10764","post","type-post","status-publish","format-standard","has-post-thumbnail","hentry","category-noticias"],"_links":{"self":[{"href":"https:\/\/www.sincomam.org.br\/index.php\/wp-json\/wp\/v2\/posts\/10764","targetHints":{"allow":["GET"]}}],"collection":[{"href":"https:\/\/www.sincomam.org.br\/index.php\/wp-json\/wp\/v2\/posts"}],"about":[{"href":"https:\/\/www.sincomam.org.br\/index.php\/wp-json\/wp\/v2\/types\/post"}],"author":[{"embeddable":true,"href":"https:\/\/www.sincomam.org.br\/index.php\/wp-json\/wp\/v2\/users\/1182"}],"replies":[{"embeddable":true,"href":"https:\/\/www.sincomam.org.br\/index.php\/wp-json\/wp\/v2\/comments?post=10764"}],"version-history":[{"count":1,"href":"https:\/\/www.sincomam.org.br\/index.php\/wp-json\/wp\/v2\/posts\/10764\/revisions"}],"predecessor-version":[{"id":10766,"href":"https:\/\/www.sincomam.org.br\/index.php\/wp-json\/wp\/v2\/posts\/10764\/revisions\/10766"}],"wp:featuredmedia":[{"embeddable":true,"href":"https:\/\/www.sincomam.org.br\/index.php\/wp-json\/wp\/v2\/media\/10765"}],"wp:attachment":[{"href":"https:\/\/www.sincomam.org.br\/index.php\/wp-json\/wp\/v2\/media?parent=10764"}],"wp:term":[{"taxonomy":"category","embeddable":true,"href":"https:\/\/www.sincomam.org.br\/index.php\/wp-json\/wp\/v2\/categories?post=10764"},{"taxonomy":"post_tag","embeddable":true,"href":"https:\/\/www.sincomam.org.br\/index.php\/wp-json\/wp\/v2\/tags?post=10764"}],"curies":[{"name":"wp","href":"https:\/\/api.w.org\/{rel}","templated":true}]}}