{"id":10748,"date":"2015-02-23T09:07:27","date_gmt":"2015-02-23T12:07:27","guid":{"rendered":"http:\/\/www.sincomam.org.br\/?p=10748"},"modified":"2015-02-23T09:07:27","modified_gmt":"2015-02-23T12:07:27","slug":"porto-de-suape-destina-59-de-seus-hectares-a-preservacao-ambiental","status":"publish","type":"post","link":"https:\/\/www.sincomam.org.br\/index.php\/porto-de-suape-destina-59-de-seus-hectares-a-preservacao-ambiental\/","title":{"rendered":"Porto de Suape destina 59% de seus hectares \u00e0 preserva\u00e7\u00e3o ambiental"},"content":{"rendered":"<p><strong><em>No balan\u00e7o de 2014, as a\u00e7\u00f5es socioambientais j\u00e1 apareciam como estrat\u00e9gia em destaque<\/em><\/strong><\/p>\n<p>O complexo portu\u00e1rio de Suape est\u00e1 de olho nas a\u00e7\u00f5es sustent\u00e1veis. Ao todo, dos 13,5 mil hectares do Complexo de Suape, 59% s\u00e3o destinados \u00e0 preserva\u00e7\u00e3o ambiental. No balan\u00e7o de 2014, as a\u00e7\u00f5es socioambientais j\u00e1 apareciam como estrat\u00e9gia em destaque. As a\u00e7\u00f5es incluem desenvolvimento de PBAs (Programas B\u00e1sicos Ambientais), plantio de mudas nativas da Mata Atl\u00e2ntica, diagn\u00f3stico e reflorestamento de \u00e1reas degradadas, recolhimento e tratamento de res\u00edduos s\u00f3lidos por meio de um Centro de Triagem instalado na zona portu\u00e1ria.<\/p>\n<p>No ano passado, o porto restaurou 901 hectares de Mata Atl\u00e2ntica, 61 hectares de restinga e 9 hectares de mangue de um processo iniciado em 2010. \u201cS\u00f3 no ano passado, plantamos 413 hectares de Mata Atl\u00e2ntica na unidade de conserva\u00e7\u00e3o Esta\u00e7\u00e3o Ecol\u00f3gica de Bita e Utinga, no territ\u00f3rio de Suape\u201d, explica o Secret\u00e1rio de Desenvolvimento Econ\u00f4mico de Pernambuco e presidente do Complexo Industrial Portu\u00e1rio de Suape, Thiago Nor\u00f5es<\/p>\n<p>Os investimentos no ano em reflorestamento, manuten\u00e7\u00e3o e conserva\u00e7\u00e3o do que j\u00e1 foi restaurado ultrapassaram os R$ 8 milh\u00f5es. \u201cConsideramos que a recupera\u00e7\u00e3o florestal das \u00e1reas de Mata Atl\u00e2ntica, mangue e restinga ao lado da cria\u00e7\u00e3o de unidades de conserva\u00e7\u00e3o s\u00e3o a\u00e7\u00f5es importantes para minimizar os impactos causados pelas culturas tradicionais, como a cana-de-a\u00e7\u00facar, nas \u00e1reas que tiveram a vegeta\u00e7\u00e3o retirada. Al\u00e9m disso, a preserva\u00e7\u00e3o e o reflorestamento das \u00e1reas de Mata Atl\u00e2ntica contribuem para aumentar a qualidade de vida da popula\u00e7\u00e3o\u201d, explica Nor\u00f5es.<\/p>\n<p>Ele destaca, tamb\u00e9m, alguns projetos previstos para esse ano, entre eles est\u00e3o na \u00e1rea socioambiental, a constru\u00e7\u00e3o de 2.620 casas do Conjunto Habitacional Nova Vila Claudete, pelo Programa Minha Casa Minha Vida, que ser\u00e3o entregues em 2016 \u00e0s fam\u00edlias que moravam em \u00e1rea de preserva\u00e7\u00e3o ecol\u00f3gica ou industrial do complexo portu\u00e1rio. O projeto que est\u00e1 em fase de conclus\u00e3o da terraplanagem, ter\u00e1 investimentos de R$ 235 milh\u00f5es e ficar\u00e1 localizado numa \u00e1rea de 97 hectares no munic\u00edpio do Cabo de Santo Agostinho.\u00a0 \u201cAfora a quest\u00e3o social, vamos investir R$ 21 milh\u00f5es na recupera\u00e7\u00e3o de 600 hectares de Mata Atl\u00e2ntica no Complexo de Suape, incluindo o plantio de \u00e1rvores e a manuten\u00e7\u00e3o das \u00e1reas reflorestadas com in\u00edcio neste ano e que deve durar at\u00e9 2018\u201d, finaliza.<\/p>\n<p>Fonte: Guia Mar\u00edtimo \/ Kamila Donato<\/p>\n","protected":false},"excerpt":{"rendered":"<p>No balan\u00e7o de 2014, as a\u00e7\u00f5es socioambientais j\u00e1 apareciam como estrat\u00e9gia em destaque O complexo portu\u00e1rio de Suape est\u00e1 de olho nas a\u00e7\u00f5es sustent\u00e1veis. Ao&#8230;<\/p>\n","protected":false},"author":1182,"featured_media":0,"comment_status":"closed","ping_status":"closed","sticky":false,"template":"","format":"standard","meta":{"footnotes":""},"categories":[6],"tags":[],"class_list":["post-10748","post","type-post","status-publish","format-standard","hentry","category-noticias"],"_links":{"self":[{"href":"https:\/\/www.sincomam.org.br\/index.php\/wp-json\/wp\/v2\/posts\/10748","targetHints":{"allow":["GET"]}}],"collection":[{"href":"https:\/\/www.sincomam.org.br\/index.php\/wp-json\/wp\/v2\/posts"}],"about":[{"href":"https:\/\/www.sincomam.org.br\/index.php\/wp-json\/wp\/v2\/types\/post"}],"author":[{"embeddable":true,"href":"https:\/\/www.sincomam.org.br\/index.php\/wp-json\/wp\/v2\/users\/1182"}],"replies":[{"embeddable":true,"href":"https:\/\/www.sincomam.org.br\/index.php\/wp-json\/wp\/v2\/comments?post=10748"}],"version-history":[{"count":1,"href":"https:\/\/www.sincomam.org.br\/index.php\/wp-json\/wp\/v2\/posts\/10748\/revisions"}],"predecessor-version":[{"id":10749,"href":"https:\/\/www.sincomam.org.br\/index.php\/wp-json\/wp\/v2\/posts\/10748\/revisions\/10749"}],"wp:attachment":[{"href":"https:\/\/www.sincomam.org.br\/index.php\/wp-json\/wp\/v2\/media?parent=10748"}],"wp:term":[{"taxonomy":"category","embeddable":true,"href":"https:\/\/www.sincomam.org.br\/index.php\/wp-json\/wp\/v2\/categories?post=10748"},{"taxonomy":"post_tag","embeddable":true,"href":"https:\/\/www.sincomam.org.br\/index.php\/wp-json\/wp\/v2\/tags?post=10748"}],"curies":[{"name":"wp","href":"https:\/\/api.w.org\/{rel}","templated":true}]}}