{"id":10743,"date":"2015-02-23T09:00:52","date_gmt":"2015-02-23T12:00:52","guid":{"rendered":"http:\/\/www.sincomam.org.br\/?p=10743"},"modified":"2015-02-23T09:00:52","modified_gmt":"2015-02-23T12:00:52","slug":"capitania-dos-portos-do-espirito-santo-abre-selecao-com-30-vagas","status":"publish","type":"post","link":"https:\/\/www.sincomam.org.br\/index.php\/capitania-dos-portos-do-espirito-santo-abre-selecao-com-30-vagas\/","title":{"rendered":"Capitania dos Portos do Esp\u00edrito Santo abre sele\u00e7\u00e3o com 30 vagas"},"content":{"rendered":"<p><strong><em>Candidatos podem se inscrever at\u00e9 o dia 23 de fevereiro. Provas ser\u00e3o aplicadas em mar\u00e7o na capital capixaba<\/em><\/strong><\/p>\n<p>A Capitania dos Portos do Esp\u00edrito Santo (CPES) abriu um processo seletivo com 30 vagas para alunos nos Cursos para Forma\u00e7\u00e3o de Aquavi\u00e1rios (CFAQ-I C\/M). O per\u00edodo de inscri\u00e7\u00f5es termina no dia 23 de fevereiro. Os interessados t\u00eam comparecer \u00e0 sede da CPES, diretamente na Secretaria do Departamento de Ensino Profissional Mar\u00edtimo, em\u00a0 Vit\u00f3ria. O atendimento ocorre das 8h15 \u00e0s 13h15. A taxa de inscri\u00e7\u00e3o \u00e9 de R$ 8.<\/p>\n<p>As provas objetivas v\u00e3o ser aplicadas em mar\u00e7o, em Vit\u00f3ria, e contar\u00e3o com 40 quest\u00f5es, sendo 20 de portugu\u00eas e 20 de matem\u00e1tica. Haver\u00e1 tamb\u00e9m teste f\u00edsico. Os candidatos devem ter escolaridade m\u00ednima do 6\u00ba ano do Ensino Fundamental e idade m\u00ednima de 18 anos.<\/p>\n<p>O curso destina-se a formar Aquavi\u00e1rios do 1\u00ba Grupo &#8211; Mar\u00edtimos, Se\u00e7\u00f5es de Conv\u00e9s ou de M\u00e1quinas, com inscri\u00e7\u00e3o na categoria de Marinheiro Auxiliar de Conv\u00e9s (MAC) ou Marinheiro Auxiliar de M\u00e1quinas (MAM), inicialmente no n\u00edvel de equival\u00eancia 1, para prestar servi\u00e7o de apoio em embarca\u00e7\u00f5es com arquea\u00e7\u00e3o bruta menor do que 300 e pot\u00eancia propulsora menor do que 250 kW empregadas na navega\u00e7\u00e3o interior e na navega\u00e7\u00e3o de apoio portu\u00e1rio, conforme limites estabelecidos nas Normas e Procedimentos para as Capitanias (NPCP), inclusive, como profissional, em embarca\u00e7\u00f5es de esporte e recreio.<\/p>\n<p>Ap\u00f3s um ano de efetivo embarque e uma vez aprovados no Curso Especial de Seguran\u00e7a de Embarca\u00e7\u00f5es de Passageiros (ESEP) poder\u00e3o ascender ao n\u00edvel 2 e prestar servi\u00e7o como Patr\u00e3o de embarca\u00e7\u00f5es com arquea\u00e7\u00e3o bruta menor do que 50 e pot\u00eancia propulsora menor do que 250 kW empregadas na navega\u00e7\u00e3o interior e na navega\u00e7\u00e3o de apoio portu\u00e1rio, conforme limites estabelecidos nas Normas e Procedimentos para as Capitanias (NPCP), inclusive, como profissional, em embarca\u00e7\u00f5es de esporte e recreio.<\/p>\n<p><strong>Servi\u00e7o<\/strong><\/p>\n<p>Capitania dos Portos do Esp\u00edrito Santo<\/p>\n<p>Secretaria do Departamento de Ensino Profissional Mar\u00edtimo<\/p>\n<p><strong>Endere\u00e7o:<\/strong> Rua Belmiro Rodrigues, 145, Enseada do Su\u00e1, Vit\u00f3ria<\/p>\n<p><strong>Mais informa\u00e7\u00f5es:<\/strong> <a href=\"https:\/\/www.mar.mil.br\/cpes\/\" target=\"_blank\">www.cpes.mar.mil.br<\/a><\/p>\n","protected":false},"excerpt":{"rendered":"<p>Candidatos podem se inscrever at\u00e9 o dia 23 de fevereiro. Provas ser\u00e3o aplicadas em mar\u00e7o na capital capixaba A Capitania dos Portos do Esp\u00edrito Santo&#8230;<\/p>\n","protected":false},"author":1182,"featured_media":10744,"comment_status":"closed","ping_status":"closed","sticky":false,"template":"","format":"standard","meta":{"footnotes":""},"categories":[6],"tags":[602,174,230,252,569,752,19,69,538],"class_list":["post-10743","post","type-post","status-publish","format-standard","has-post-thumbnail","hentry","category-noticias","tag-abertura","tag-aquaviarios","tag-capitania","tag-espirito-santo","tag-formacao","tag-inscricao","tag-maritimo","tag-portos","tag-vagas"],"_links":{"self":[{"href":"https:\/\/www.sincomam.org.br\/index.php\/wp-json\/wp\/v2\/posts\/10743","targetHints":{"allow":["GET"]}}],"collection":[{"href":"https:\/\/www.sincomam.org.br\/index.php\/wp-json\/wp\/v2\/posts"}],"about":[{"href":"https:\/\/www.sincomam.org.br\/index.php\/wp-json\/wp\/v2\/types\/post"}],"author":[{"embeddable":true,"href":"https:\/\/www.sincomam.org.br\/index.php\/wp-json\/wp\/v2\/users\/1182"}],"replies":[{"embeddable":true,"href":"https:\/\/www.sincomam.org.br\/index.php\/wp-json\/wp\/v2\/comments?post=10743"}],"version-history":[{"count":1,"href":"https:\/\/www.sincomam.org.br\/index.php\/wp-json\/wp\/v2\/posts\/10743\/revisions"}],"predecessor-version":[{"id":10745,"href":"https:\/\/www.sincomam.org.br\/index.php\/wp-json\/wp\/v2\/posts\/10743\/revisions\/10745"}],"wp:featuredmedia":[{"embeddable":true,"href":"https:\/\/www.sincomam.org.br\/index.php\/wp-json\/wp\/v2\/media\/10744"}],"wp:attachment":[{"href":"https:\/\/www.sincomam.org.br\/index.php\/wp-json\/wp\/v2\/media?parent=10743"}],"wp:term":[{"taxonomy":"category","embeddable":true,"href":"https:\/\/www.sincomam.org.br\/index.php\/wp-json\/wp\/v2\/categories?post=10743"},{"taxonomy":"post_tag","embeddable":true,"href":"https:\/\/www.sincomam.org.br\/index.php\/wp-json\/wp\/v2\/tags?post=10743"}],"curies":[{"name":"wp","href":"https:\/\/api.w.org\/{rel}","templated":true}]}}