{"id":10741,"date":"2015-02-23T08:53:42","date_gmt":"2015-02-23T11:53:42","guid":{"rendered":"http:\/\/www.sincomam.org.br\/?p=10741"},"modified":"2015-02-23T09:24:16","modified_gmt":"2015-02-23T12:24:16","slug":"conta-de-luz-pode-subir-ate-70-no-rio-e-em-sp","status":"publish","type":"post","link":"https:\/\/www.sincomam.org.br\/index.php\/conta-de-luz-pode-subir-ate-70-no-rio-e-em-sp\/","title":{"rendered":"Conta de luz pode subir at\u00e9 70% no Rio e em SP"},"content":{"rendered":"<p><strong><em>Consumidores se adaptam para driblar alta de tarifas<\/em><\/strong><\/p>\n<p>As contas de luz espantaram o consumidor este m\u00eas. Al\u00e9m do aumento do consumo por causa do uso do ar-condicionado para enfrentar o ver\u00e3o, a cobran\u00e7a j\u00e1 inclui a bandeira tarif\u00e1ria, que gera um custo extra de R$ 0,03 a cada quilowatt-hora (kWh) consumido. E o valor a ser pago em fevereiro \u00e9 apenas o press\u00e1gio de um cen\u00e1rio ainda pior at\u00e9 o fim do ano.<\/p>\n<p>De acordo com consultorias do setor, quem mora no Rio de Janeiro e em S\u00e3o Paulo vai sofrer com uma alta de at\u00e9 70% na conta da energia el\u00e9trica at\u00e9 dezembro. A estimativa \u00e9 quase tr\u00eas vezes maior do que a projetada no \u00faltimo trimestre do ano passado, quando especialistas falavam em pre\u00e7os 25% mais salgados em 2015. Al\u00e9m da falta de chuvas e do uso da energia mais cara das termel\u00e9tricas, o Sudeste vai arcar ainda com a tarifa maior de Itaipu, diante da forte alta do d\u00f3lar.<\/p>\n<p>Este m\u00eas, as contas no Rio j\u00e1 chegaram mais caras, com o reflexo do reajuste da Light, de 19,11% em novembro, e da implanta\u00e7\u00e3o do sistema de bandeiras tarif\u00e1rias, que come\u00e7ou a valer este ano e repassa ao consumidor o aumento no custo na gera\u00e7\u00e3o de energia. Desde janeiro, foi adotada a bandeira vermelha, que indica um custo mais alto devido ao baixo volume de chuvas. A fatura de fevereiro j\u00e1 reflete esta cobran\u00e7a integralmente. Por isso, o susto ao receber a conta de luz. Aos consumidores, a alternativa foi mudar h\u00e1bitos para driblar os pre\u00e7os mais elevados.<\/p>\n<p>Especialistas recomendam que o consumidor verifique mensalmente a conta. Acompanhar a evolu\u00e7\u00e3o do pre\u00e7o unit\u00e1rio do kWh ajuda a identificar a alta do custo da eletricidade. Ficar atento \u00e0 faixa de consumo \u00e9 importante, pois ao mudar de patamar, a al\u00edquota de ICMS a ser paga muda, varia de isen\u00e7\u00e3o a 29%. No Rio, a contribui\u00e7\u00e3o de ilumina\u00e7\u00e3o p\u00fablica tamb\u00e9m aumenta conforme o consumo.<\/p>\n<p>Enquanto as proje\u00e7\u00f5es de alta da tarifa disparam e o consumidor tenta driblar o aumento da conta de luz, o n\u00edvel dos reservat\u00f3rios de hidrel\u00e9tricas continua baixo, segundo o Operador Nacional do Sistema: 19,17% em Sudeste\/Centro-Oeste, 16,65% no Nordeste, 48,45% no Sul e 36,97% no Norte.<\/p>\n<p>Fonte: O Globo<\/p>\n","protected":false},"excerpt":{"rendered":"<p>Consumidores se adaptam para driblar alta de tarifas As contas de luz espantaram o consumidor este m\u00eas. Al\u00e9m do aumento do consumo por causa do&#8230;<\/p>\n","protected":false},"author":1182,"featured_media":5319,"comment_status":"closed","ping_status":"closed","sticky":false,"template":"","format":"standard","meta":{"footnotes":""},"categories":[6],"tags":[],"class_list":["post-10741","post","type-post","status-publish","format-standard","has-post-thumbnail","hentry","category-noticias"],"_links":{"self":[{"href":"https:\/\/www.sincomam.org.br\/index.php\/wp-json\/wp\/v2\/posts\/10741","targetHints":{"allow":["GET"]}}],"collection":[{"href":"https:\/\/www.sincomam.org.br\/index.php\/wp-json\/wp\/v2\/posts"}],"about":[{"href":"https:\/\/www.sincomam.org.br\/index.php\/wp-json\/wp\/v2\/types\/post"}],"author":[{"embeddable":true,"href":"https:\/\/www.sincomam.org.br\/index.php\/wp-json\/wp\/v2\/users\/1182"}],"replies":[{"embeddable":true,"href":"https:\/\/www.sincomam.org.br\/index.php\/wp-json\/wp\/v2\/comments?post=10741"}],"version-history":[{"count":1,"href":"https:\/\/www.sincomam.org.br\/index.php\/wp-json\/wp\/v2\/posts\/10741\/revisions"}],"predecessor-version":[{"id":10742,"href":"https:\/\/www.sincomam.org.br\/index.php\/wp-json\/wp\/v2\/posts\/10741\/revisions\/10742"}],"wp:featuredmedia":[{"embeddable":true,"href":"https:\/\/www.sincomam.org.br\/index.php\/wp-json\/wp\/v2\/media\/5319"}],"wp:attachment":[{"href":"https:\/\/www.sincomam.org.br\/index.php\/wp-json\/wp\/v2\/media?parent=10741"}],"wp:term":[{"taxonomy":"category","embeddable":true,"href":"https:\/\/www.sincomam.org.br\/index.php\/wp-json\/wp\/v2\/categories?post=10741"},{"taxonomy":"post_tag","embeddable":true,"href":"https:\/\/www.sincomam.org.br\/index.php\/wp-json\/wp\/v2\/tags?post=10741"}],"curies":[{"name":"wp","href":"https:\/\/api.w.org\/{rel}","templated":true}]}}