{"id":10726,"date":"2015-02-20T09:20:29","date_gmt":"2015-02-20T11:20:29","guid":{"rendered":"http:\/\/www.sincomam.org.br\/?p=10726"},"modified":"2015-02-20T09:20:29","modified_gmt":"2015-02-20T11:20:29","slug":"alianca-destaca-nicho-de-cargas-de-projeto","status":"publish","type":"post","link":"https:\/\/www.sincomam.org.br\/index.php\/alianca-destaca-nicho-de-cargas-de-projeto\/","title":{"rendered":"Alian\u00e7a destaca nicho de cargas de projeto"},"content":{"rendered":"<p><strong><em>Segmento j\u00e1 chega a 6% do faturamento da empresa<\/em><\/strong><\/p>\n<p>De olho no mercado de cargas de projetos, a Alian\u00e7a Navega\u00e7\u00e3o e Log\u00edstica, desde 2013, passou a atuar fortemente no transporte de cargas especiais na cabotagem. Em maio de 2014, por exemplo, a companhia afretou um navio do tipo multiprop\u00f3sito para carregar equipamentos com grandes dimens\u00f5es e volumes, entre eles, transformadores, reatores, turbinas, guindastes, geradores e p\u00e1s e\u00f3licas.<\/p>\n<p>A embarca\u00e7\u00e3o, que opera com bandeira brasileira e tem tripula\u00e7\u00e3o 100% nacional, \u00e9 conhecida como \u201cAlian\u00e7a Energia\u201d e tem capacidade para transportar 19 mil toneladas de carga e \u00e9 equipado com tr\u00eas guindastes, que juntos podem i\u00e7ar pe\u00e7as de at\u00e9 800 toneladas. De acordo com Mark Juzwiak, gerente-geral de assuntos institucionais da Alian\u00e7a, o prop\u00f3sito principal da empresa \u00e9 desenvolver um servi\u00e7o de transporte mar\u00edtimo porto a porto confi\u00e1vel, regular e competitivo na cabotagem para as cargas de projeto.<\/p>\n<p>\u201cTemos uma equipe t\u00e9cnica, que analisa as caracter\u00edsticas e cada detalhe para garantir que as opera\u00e7\u00f5es de carga e descarga, assim como o transporte sejam feitos de uma maneira confi\u00e1vel e segura tanto para a carga como para as pessoas envolvidas no processo\u201d, explica.<\/p>\n<p>Para atuar neste nicho, no entanto, o executivo conta que as empresas de transporte terrestre especializado ou agentes de carga que trabalham com cargas de projeto fazem o estudo e planejamento do melhor percurso desde a sa\u00edda da f\u00e1brica at\u00e9 seu destino final. Mark Juzwiak conta que a expectativa da companhia para a cabotagem de cargas de projeto \u00e9 grande para 2015, principalmente, de componentes de torres e\u00f3licas para o Nordeste e Sul do Brasil como transformadores, geradores e pe\u00e7as de projetos de hidroel\u00e9tricas, que s\u00e3o alguns dos equipamentos que tamb\u00e9m ser\u00e3o transportados.<\/p>\n<p>Fonte: Guia Mar\u00edtimo \/ Andrezza Queiroga<\/p>\n","protected":false},"excerpt":{"rendered":"<p>Segmento j\u00e1 chega a 6% do faturamento da empresa De olho no mercado de cargas de projetos, a Alian\u00e7a Navega\u00e7\u00e3o e Log\u00edstica, desde 2013, passou&#8230;<\/p>\n","protected":false},"author":1182,"featured_media":4598,"comment_status":"closed","ping_status":"closed","sticky":false,"template":"","format":"standard","meta":{"footnotes":""},"categories":[6],"tags":[],"class_list":["post-10726","post","type-post","status-publish","format-standard","has-post-thumbnail","hentry","category-noticias"],"_links":{"self":[{"href":"https:\/\/www.sincomam.org.br\/index.php\/wp-json\/wp\/v2\/posts\/10726","targetHints":{"allow":["GET"]}}],"collection":[{"href":"https:\/\/www.sincomam.org.br\/index.php\/wp-json\/wp\/v2\/posts"}],"about":[{"href":"https:\/\/www.sincomam.org.br\/index.php\/wp-json\/wp\/v2\/types\/post"}],"author":[{"embeddable":true,"href":"https:\/\/www.sincomam.org.br\/index.php\/wp-json\/wp\/v2\/users\/1182"}],"replies":[{"embeddable":true,"href":"https:\/\/www.sincomam.org.br\/index.php\/wp-json\/wp\/v2\/comments?post=10726"}],"version-history":[{"count":1,"href":"https:\/\/www.sincomam.org.br\/index.php\/wp-json\/wp\/v2\/posts\/10726\/revisions"}],"predecessor-version":[{"id":10727,"href":"https:\/\/www.sincomam.org.br\/index.php\/wp-json\/wp\/v2\/posts\/10726\/revisions\/10727"}],"wp:featuredmedia":[{"embeddable":true,"href":"https:\/\/www.sincomam.org.br\/index.php\/wp-json\/wp\/v2\/media\/4598"}],"wp:attachment":[{"href":"https:\/\/www.sincomam.org.br\/index.php\/wp-json\/wp\/v2\/media?parent=10726"}],"wp:term":[{"taxonomy":"category","embeddable":true,"href":"https:\/\/www.sincomam.org.br\/index.php\/wp-json\/wp\/v2\/categories?post=10726"},{"taxonomy":"post_tag","embeddable":true,"href":"https:\/\/www.sincomam.org.br\/index.php\/wp-json\/wp\/v2\/tags?post=10726"}],"curies":[{"name":"wp","href":"https:\/\/api.w.org\/{rel}","templated":true}]}}