{"id":10718,"date":"2015-02-20T09:02:26","date_gmt":"2015-02-20T11:02:26","guid":{"rendered":"http:\/\/www.sincomam.org.br\/?p=10718"},"modified":"2015-02-20T09:02:26","modified_gmt":"2015-02-20T11:02:26","slug":"cunha-marca-instalacao-de-cpi-da-petrobras-para-a-proxima-quinta-feira","status":"publish","type":"post","link":"https:\/\/www.sincomam.org.br\/index.php\/cunha-marca-instalacao-de-cpi-da-petrobras-para-a-proxima-quinta-feira\/","title":{"rendered":"Cunha marca instala\u00e7\u00e3o de CPI da Petrobras para a pr\u00f3xima quinta-feira"},"content":{"rendered":"<p>O presidente da C\u00e2mara dos Deputados, Eduardo Cunha (PMDB-RJ), marcou para a pr\u00f3xima quinta-feira, ao meio-dia, a instala\u00e7\u00e3o da CPI da Petrobras na Casa. Os partidos ter\u00e3o que indicar seus integrantes at\u00e9 quinta e, se n\u00e3o o fizerem, Cunha j\u00e1 avisou que far\u00e1 as indica\u00e7\u00f5es de of\u00edcio.<\/p>\n<p>At\u00e9 agora, foram indicados pelos partidos 15 deputados para compor a CPI como titulares. PT e PMDB, os maiores partidos, ainda n\u00e3o fizeram suas indica\u00e7\u00f5es. Como o maior partido do bloco majorit\u00e1rio, o PMDB poder\u00e1 ficar com a presid\u00eancia ou a relatoria. Pelo regimento, o bloco maior indica o presidente, que \u00e9 eleito em vota\u00e7\u00e3o secreta na CPI e escolhe o relator entre os integrantes da comiss\u00e3o. Normalmente, as indica\u00e7\u00f5es s\u00e3o fruto de acordo entre os partidos.<\/p>\n<p>Em seu Twitter, Cunha explicou que n\u00e3o cabia a ele indicar o presidente e o relator e que a tarefa seria do novo l\u00edder do PMDB, Leonardo Picciani (RJ). As negocia\u00e7\u00f5es entre os partidos est\u00e3o em andamento e devem ser conclu\u00eddas no in\u00edcio da pr\u00f3xima semana.<\/p>\n<p>J\u00e1 foram indicados os seguintes deputados para 27 vagas de titular da CPI: Arnaldo Faria de S\u00e1 (PTB-SP), Onyx Lorenzoni (DEM-RS) e Paulo Pereira da Silva (SD-SP) pelo bloco encabe\u00e7ado pelo PMDB e que tem direito a 11 vagas; os deputados Altineu Cortes (PR-RJ), Jo\u00e3o Carlos Bacelar (PR-BA), Le\u00f4nidas Cristino (PRO-CE), Paulo Magalh\u00e3es (PSD-BA), Silva C\u00e2mara (PSD-AM) pelo bloco encabe\u00e7ado pelo PT e que tem direito a 8 vagas; os deputados Bruno Covas (PSDB-SP), Izalci (PSDB-DF), J\u00falio Delgado (PSB-MG), Ot\u00e1vio Leite (PSDB-RJ), Rodrigo Martins (PSB-PI) que tem direito a seis vagas; F\u00e9lix Mendon\u00e7a J\u00fanior (PDT-BA) e Ivan Valente (PSOL-SP).<\/p>\n<p>Fonte: Valor Econ\u00f4mico\/Ag\u00eancia O Globo<\/p>\n","protected":false},"excerpt":{"rendered":"<p>O presidente da C\u00e2mara dos Deputados, Eduardo Cunha (PMDB-RJ), marcou para a pr\u00f3xima quinta-feira, ao meio-dia, a instala\u00e7\u00e3o da CPI da Petrobras na Casa. Os&#8230;<\/p>\n","protected":false},"author":1182,"featured_media":0,"comment_status":"closed","ping_status":"closed","sticky":false,"template":"","format":"standard","meta":{"footnotes":""},"categories":[6],"tags":[831,297,58],"class_list":["post-10718","post","type-post","status-publish","format-standard","hentry","category-noticias","tag-cpi","tag-investigacao","tag-petrobras"],"_links":{"self":[{"href":"https:\/\/www.sincomam.org.br\/index.php\/wp-json\/wp\/v2\/posts\/10718","targetHints":{"allow":["GET"]}}],"collection":[{"href":"https:\/\/www.sincomam.org.br\/index.php\/wp-json\/wp\/v2\/posts"}],"about":[{"href":"https:\/\/www.sincomam.org.br\/index.php\/wp-json\/wp\/v2\/types\/post"}],"author":[{"embeddable":true,"href":"https:\/\/www.sincomam.org.br\/index.php\/wp-json\/wp\/v2\/users\/1182"}],"replies":[{"embeddable":true,"href":"https:\/\/www.sincomam.org.br\/index.php\/wp-json\/wp\/v2\/comments?post=10718"}],"version-history":[{"count":1,"href":"https:\/\/www.sincomam.org.br\/index.php\/wp-json\/wp\/v2\/posts\/10718\/revisions"}],"predecessor-version":[{"id":10719,"href":"https:\/\/www.sincomam.org.br\/index.php\/wp-json\/wp\/v2\/posts\/10718\/revisions\/10719"}],"wp:attachment":[{"href":"https:\/\/www.sincomam.org.br\/index.php\/wp-json\/wp\/v2\/media?parent=10718"}],"wp:term":[{"taxonomy":"category","embeddable":true,"href":"https:\/\/www.sincomam.org.br\/index.php\/wp-json\/wp\/v2\/categories?post=10718"},{"taxonomy":"post_tag","embeddable":true,"href":"https:\/\/www.sincomam.org.br\/index.php\/wp-json\/wp\/v2\/tags?post=10718"}],"curies":[{"name":"wp","href":"https:\/\/api.w.org\/{rel}","templated":true}]}}