{"id":10715,"date":"2015-02-20T08:05:59","date_gmt":"2015-02-20T10:05:59","guid":{"rendered":"http:\/\/www.sincomam.org.br\/?p=10715"},"modified":"2015-02-19T10:25:03","modified_gmt":"2015-02-19T12:25:03","slug":"rio-pode-conviver-com-racionamento-a-partir-de-agosto-diz-especialista","status":"publish","type":"post","link":"https:\/\/www.sincomam.org.br\/index.php\/rio-pode-conviver-com-racionamento-a-partir-de-agosto-diz-especialista\/","title":{"rendered":"Rio pode conviver com racionamento a partir de agosto, diz especialista"},"content":{"rendered":"<p>A pouco mais de um m\u00eas para o Dia Mundial da \u00c1gua, comemorado em 22 de mar\u00e7o, a escassez do recurso preocupa moradores das principais cidades do Sudeste. Em S\u00e3o Paulo, enquanto o governo estuda um poss\u00edvel racionamento, no Rio de Janeiro, especialistas alertam para interven\u00e7\u00f5es que podem evitar uma crise de abastecimento, como reflorestamento e pequenas obras para facilitar a penetra\u00e7\u00e3o da \u00e1gua no solo, que acaba escorrendo para o mar.<\/p>\n<p>O desabastecimento de \u00e1gua no estado deve ser enfrentado ainda em 2015, alerta o coordenador do curso de especializa\u00e7\u00e3o em engenharia sanit\u00e1ria e ambiental da Universidade Estadual do Rio de Janeiro (Uerj), Adacto Ottoni. Na previs\u00e3o dele, se as chuvas n\u00e3o se intensificarem, o risco \u00e9 que a popula\u00e7\u00e3o sofra um racionamento a partir de agosto. A Prefeitura do Rio de Janeiro n\u00e3o descarta medidas para a economia de \u00e1gua e de energia. O estado convive com a pior seca dos \u00faltimos 84 anos, segundo a Secretaria Estadual do Ambiente.<\/p>\n<p>\u201cSe cair pouca chuva [at\u00e9 abril, antes do per\u00edodo de estiagem], podemos ter um colapso. Se n\u00e3o for neste ano [agosto], ser\u00e1 no ano que vem, quando as Olimp\u00edadas [2016] coincidem com o per\u00edodo de seca e haver\u00e1 dezenas de milhares de pessoas no Rio\u201d, destacou Ottoni, que \u00e9 tamb\u00e9m assessor de Meio Ambiente do Conselho Regional de Engenharia e Arquitetura (Crea-RJ).<\/p>\n<p>Segundo ele, apesar de as chuvas serem determinantes para o futuro da popula\u00e7\u00e3o fluminense, o grande problema de abastecimento hoje \u00e9 a degrada\u00e7\u00e3o das bacias hidrogr\u00e1ficas, que n\u00e3o conseguem mais reter a \u00e1gua e infiltr\u00e1-la na terra, nos len\u00e7\u00f3is fre\u00e1ticos. \u201cN\u00e3o adianta chover para ter \u00e1gua se n\u00e3o tiver floresta para reter. A \u00e1gua gera enchente, inunda\u00e7\u00e3o e depois a popula\u00e7\u00e3o fica sem. Ou seja, convive com racionamento e com a enchente\u201d, disse, lembrando que a floresta tamb\u00e9m amortece enxurradas, que provocam desabamentos.<\/p>\n<p>Essa tamb\u00e9m \u00e9 a avalia\u00e7\u00e3o da vice-presidente do Comit\u00ea de Integra\u00e7\u00e3o da Bacia Hidrogr\u00e1fica do Rio Para\u00edba do Sul (Ceivap), Vera L\u00facia Teixeira, que desde 2013 alerta para a situa\u00e7\u00e3o dos rios que abastecem S\u00e3o Paulo, Rio de Janeiro e Minas Gerais. \u201cO que a gente n\u00e3o v\u00ea \u00e9 como recuperar e revitalizar essa bacia&#8221;, ressaltou. Segundo ela, faltam propostas concretas tanto do governo federal quanto do governo estadual. O comit\u00ea s\u00f3 faz recomenda\u00e7\u00f5es e depende de pol\u00edticas municipais e estaduais, como o saneamento. \u201cPrecisamos retirar o esgoto dos rios e os investimentos s\u00e3o poucos.\u201d<\/p>\n<p>A ministra do Meio Ambiente, Izabella Teixeira, anunciou no dia 9 a libera\u00e7\u00e3o de R$ 360 milh\u00f5es de R$ 930 milh\u00f5es previstos para um plano de seguran\u00e7a h\u00eddrica at\u00e9 2050, ainda em elabora\u00e7\u00e3o. O governo estadual planeja obras de saneamento b\u00e1sico da Regi\u00e3o Metropolitana, incluindo a Baixada Fluminense \u2013 regi\u00e3o que frequentemente sofre ora com torneiras secas, ora com enchentes \u2013,\u00a0 al\u00e9m do reflorestamento das margens dos rios Para\u00edba do Sul e Guandu.<\/p>\n<p>Para evitar uma crise de desabastecimento, nos \u00faltimos dias a prefeitura do Rio de Janeiro criou um grupo de trabalho. O prefeito Eduardo Paes n\u00e3o descarta medidas para a economia de \u00e1gua e energia. \u201cTalvez, vamos fazer isso depois do carnaval\u201d, declarou. \u201cO Brasil tem uma cultura de natureza abundante e isso acaba em muito desperd\u00edcio\u201d, completou.<\/p>\n<p>Fonte: Ag\u00eancia Brasil<\/p>\n","protected":false},"excerpt":{"rendered":"<p>A pouco mais de um m\u00eas para o Dia Mundial da \u00c1gua, comemorado em 22 de mar\u00e7o, a escassez do recurso preocupa moradores das principais&#8230;<\/p>\n","protected":false},"author":1182,"featured_media":10256,"comment_status":"closed","ping_status":"closed","sticky":false,"template":"","format":"standard","meta":{"footnotes":""},"categories":[6],"tags":[],"class_list":["post-10715","post","type-post","status-publish","format-standard","has-post-thumbnail","hentry","category-noticias"],"_links":{"self":[{"href":"https:\/\/www.sincomam.org.br\/index.php\/wp-json\/wp\/v2\/posts\/10715","targetHints":{"allow":["GET"]}}],"collection":[{"href":"https:\/\/www.sincomam.org.br\/index.php\/wp-json\/wp\/v2\/posts"}],"about":[{"href":"https:\/\/www.sincomam.org.br\/index.php\/wp-json\/wp\/v2\/types\/post"}],"author":[{"embeddable":true,"href":"https:\/\/www.sincomam.org.br\/index.php\/wp-json\/wp\/v2\/users\/1182"}],"replies":[{"embeddable":true,"href":"https:\/\/www.sincomam.org.br\/index.php\/wp-json\/wp\/v2\/comments?post=10715"}],"version-history":[{"count":1,"href":"https:\/\/www.sincomam.org.br\/index.php\/wp-json\/wp\/v2\/posts\/10715\/revisions"}],"predecessor-version":[{"id":10716,"href":"https:\/\/www.sincomam.org.br\/index.php\/wp-json\/wp\/v2\/posts\/10715\/revisions\/10716"}],"wp:featuredmedia":[{"embeddable":true,"href":"https:\/\/www.sincomam.org.br\/index.php\/wp-json\/wp\/v2\/media\/10256"}],"wp:attachment":[{"href":"https:\/\/www.sincomam.org.br\/index.php\/wp-json\/wp\/v2\/media?parent=10715"}],"wp:term":[{"taxonomy":"category","embeddable":true,"href":"https:\/\/www.sincomam.org.br\/index.php\/wp-json\/wp\/v2\/categories?post=10715"},{"taxonomy":"post_tag","embeddable":true,"href":"https:\/\/www.sincomam.org.br\/index.php\/wp-json\/wp\/v2\/tags?post=10715"}],"curies":[{"name":"wp","href":"https:\/\/api.w.org\/{rel}","templated":true}]}}