{"id":10713,"date":"2015-02-20T08:00:34","date_gmt":"2015-02-20T10:00:34","guid":{"rendered":"http:\/\/www.sincomam.org.br\/?p=10713"},"modified":"2015-02-19T10:16:58","modified_gmt":"2015-02-19T12:16:58","slug":"horario-de-verao-termina-neste-domingo-22","status":"publish","type":"post","link":"https:\/\/www.sincomam.org.br\/index.php\/horario-de-verao-termina-neste-domingo-22\/","title":{"rendered":"Hor\u00e1rio de Ver\u00e3o termina neste domingo (22)"},"content":{"rendered":"<p><strong><em>Devido ao Carnaval, este ano, o atraso dos rel\u00f3gios foi adiado por uma semana<\/em><\/strong><\/p>\n<p>O hor\u00e1rio de ver\u00e3o 2014\/2015 que teve in\u00edcio no dia 19 de outubro de 2014, termina em 22 de fevereiro, data em que os rel\u00f3gios ter\u00e3o de ser atrasados nos estados das regi\u00f5es Sul, Sudeste e Centro-Oeste do pa\u00eds.<\/p>\n<p>A data estipulada para o encerramento do hor\u00e1rio de ver\u00e3o \u00e9 sempre o terceiro domingo de fevereiro, mas nos casos em que coincide com o carnaval \u00e9 adiado para o pr\u00f3ximo final de semana, como acontece em 2015 em que o carnaval foi celebrado no dia 17 de fevereiro.<\/p>\n<p>O principal objetivo da mudan\u00e7a \u00e9 a economia de energia. De acordo com o Operador Nacional do Sistema El\u00e9trico, com uma hora a mais de luz natural no per\u00edodo, a expectativa \u00e9 de que a demanda no hor\u00e1rio de pico diminua 2.595 MW &#8211; uma redu\u00e7\u00e3o que varia de 4,5% a 5% das cargas totais dos subsistemas. A economia prevista \u00e9 de e aproximadamente R$ 278 milh\u00f5es, em fun\u00e7\u00e3o da diminui\u00e7\u00e3o de gera\u00e7\u00e3o t\u00e9rmica.<\/p>\n<p>A pr\u00f3xima edi\u00e7\u00e3o do hor\u00e1rio de ver\u00e3o est\u00e1 prevista para ter in\u00edcio no dia 17 de outubro de 2015.<\/p>\n<p>Com informa\u00e7\u00f5es da EBC<\/p>\n","protected":false},"excerpt":{"rendered":"<p>Devido ao Carnaval, este ano, o atraso dos rel\u00f3gios foi adiado por uma semana O hor\u00e1rio de ver\u00e3o 2014\/2015 que teve in\u00edcio no dia 19&#8230;<\/p>\n","protected":false},"author":1182,"featured_media":8296,"comment_status":"closed","ping_status":"closed","sticky":false,"template":"","format":"standard","meta":{"footnotes":""},"categories":[6],"tags":[],"class_list":["post-10713","post","type-post","status-publish","format-standard","has-post-thumbnail","hentry","category-noticias"],"_links":{"self":[{"href":"https:\/\/www.sincomam.org.br\/index.php\/wp-json\/wp\/v2\/posts\/10713","targetHints":{"allow":["GET"]}}],"collection":[{"href":"https:\/\/www.sincomam.org.br\/index.php\/wp-json\/wp\/v2\/posts"}],"about":[{"href":"https:\/\/www.sincomam.org.br\/index.php\/wp-json\/wp\/v2\/types\/post"}],"author":[{"embeddable":true,"href":"https:\/\/www.sincomam.org.br\/index.php\/wp-json\/wp\/v2\/users\/1182"}],"replies":[{"embeddable":true,"href":"https:\/\/www.sincomam.org.br\/index.php\/wp-json\/wp\/v2\/comments?post=10713"}],"version-history":[{"count":1,"href":"https:\/\/www.sincomam.org.br\/index.php\/wp-json\/wp\/v2\/posts\/10713\/revisions"}],"predecessor-version":[{"id":10714,"href":"https:\/\/www.sincomam.org.br\/index.php\/wp-json\/wp\/v2\/posts\/10713\/revisions\/10714"}],"wp:featuredmedia":[{"embeddable":true,"href":"https:\/\/www.sincomam.org.br\/index.php\/wp-json\/wp\/v2\/media\/8296"}],"wp:attachment":[{"href":"https:\/\/www.sincomam.org.br\/index.php\/wp-json\/wp\/v2\/media?parent=10713"}],"wp:term":[{"taxonomy":"category","embeddable":true,"href":"https:\/\/www.sincomam.org.br\/index.php\/wp-json\/wp\/v2\/categories?post=10713"},{"taxonomy":"post_tag","embeddable":true,"href":"https:\/\/www.sincomam.org.br\/index.php\/wp-json\/wp\/v2\/tags?post=10713"}],"curies":[{"name":"wp","href":"https:\/\/api.w.org\/{rel}","templated":true}]}}