{"id":10704,"date":"2015-02-19T09:56:03","date_gmt":"2015-02-19T11:56:03","guid":{"rendered":"http:\/\/www.sincomam.org.br\/?p=10704"},"modified":"2015-02-19T09:56:03","modified_gmt":"2015-02-19T11:56:03","slug":"porto-de-suape-aposta-em-melhorias","status":"publish","type":"post","link":"https:\/\/www.sincomam.org.br\/index.php\/porto-de-suape-aposta-em-melhorias\/","title":{"rendered":"Porto de Suape aposta em melhorias"},"content":{"rendered":"<p><strong><em>Aprofundamento do canal de acesso e constru\u00e7\u00e3o de dois novos p\u00ederes graneleiros s\u00e3o algumas das modifica\u00e7\u00f5es do porto<br \/><\/em><\/strong><br \/>Com um 2014 positivo, o Porto de Suape demonstra otimismo para 2015 e aguarda agora as licita\u00e7\u00f5es dos novos terminais para continuar avan\u00e7ando. De acordo com Leonardo Cerquinho, diretor de Gest\u00e3o Portu\u00e1ria do Complexo Industrial Portu\u00e1rio de Suape, este ano, com a entrada em opera\u00e7\u00e3o da Refinaria Abreu e Lima e os acr\u00e9scimos significativas nas opera\u00e7\u00f5es de ve\u00edculos e graneis s\u00f3lidos, a expectativa \u00e9 superar as 20 milh\u00f5es de toneladas neste ano.<strong><em><br \/><\/em><\/strong><\/p>\n<p>Para alcan\u00e7ar este resultado, o executivo conta que Suape tem empreendido uma s\u00e9rie de melhorias de infraestrutura e operacionais que permitem reduzir os tempos de opera\u00e7\u00e3o e o porte dos navios nos \u00faltimos anos. Do ponto de vista de infraestrutura, pode-se citar o aprofundamento do canal de acesso ao porto para 20 metros (em andamento), constru\u00e7\u00e3o de dois novos p\u00ederes graneleiros com profundidade de 18 metros e refor\u00e7o dos cabe\u00e7os dos arrecifes naturais para permitir a entrada de grandes graneleiros no porto interno. \u201cTamb\u00e9m conseguimos aumentar o tamanho dos navios na opera\u00e7\u00e3o noturna, com altera\u00e7\u00f5es na sinaliza\u00e7\u00e3o n\u00e1utica, al\u00e9m da implementa\u00e7\u00e3o de manuten\u00e7\u00e3o preventiva, o que reduziu o tempo de parada dos ber\u00e7os. Houve, ainda, a adi\u00e7\u00e3o de dois novos rebocadores, permitindo a opera\u00e7\u00e3o simult\u00e2nea de navios, dentre outras a\u00e7\u00f5es\u201d, enumera.<\/p>\n<p>Somado a isso, para este ano, os planos incluem a cria\u00e7\u00e3o de v\u00e1rios terminais, como cont\u00eaineres, gran\u00e9is s\u00f3lidos, trigo e ve\u00edculos, al\u00e9m da expans\u00e3o de terminais de l\u00edquidos e de carga geral.<\/p>\n<p>Fonte: Guia Mar\u00edtimo \/ Andrezza Queiroga<\/p>\n<p><strong><em><\/em><\/strong><\/p>\n","protected":false},"excerpt":{"rendered":"<p>Aprofundamento do canal de acesso e constru\u00e7\u00e3o de dois novos p\u00ederes graneleiros s\u00e3o algumas das modifica\u00e7\u00f5es do portoCom um 2014 positivo, o Porto de Suape&#8230;<\/p>\n","protected":false},"author":1182,"featured_media":0,"comment_status":"closed","ping_status":"closed","sticky":false,"template":"","format":"standard","meta":{"footnotes":""},"categories":[6],"tags":[],"class_list":["post-10704","post","type-post","status-publish","format-standard","hentry","category-noticias"],"_links":{"self":[{"href":"https:\/\/www.sincomam.org.br\/index.php\/wp-json\/wp\/v2\/posts\/10704","targetHints":{"allow":["GET"]}}],"collection":[{"href":"https:\/\/www.sincomam.org.br\/index.php\/wp-json\/wp\/v2\/posts"}],"about":[{"href":"https:\/\/www.sincomam.org.br\/index.php\/wp-json\/wp\/v2\/types\/post"}],"author":[{"embeddable":true,"href":"https:\/\/www.sincomam.org.br\/index.php\/wp-json\/wp\/v2\/users\/1182"}],"replies":[{"embeddable":true,"href":"https:\/\/www.sincomam.org.br\/index.php\/wp-json\/wp\/v2\/comments?post=10704"}],"version-history":[{"count":2,"href":"https:\/\/www.sincomam.org.br\/index.php\/wp-json\/wp\/v2\/posts\/10704\/revisions"}],"predecessor-version":[{"id":10706,"href":"https:\/\/www.sincomam.org.br\/index.php\/wp-json\/wp\/v2\/posts\/10704\/revisions\/10706"}],"wp:attachment":[{"href":"https:\/\/www.sincomam.org.br\/index.php\/wp-json\/wp\/v2\/media?parent=10704"}],"wp:term":[{"taxonomy":"category","embeddable":true,"href":"https:\/\/www.sincomam.org.br\/index.php\/wp-json\/wp\/v2\/categories?post=10704"},{"taxonomy":"post_tag","embeddable":true,"href":"https:\/\/www.sincomam.org.br\/index.php\/wp-json\/wp\/v2\/tags?post=10704"}],"curies":[{"name":"wp","href":"https:\/\/api.w.org\/{rel}","templated":true}]}}