{"id":10702,"date":"2015-02-19T09:51:58","date_gmt":"2015-02-19T11:51:58","guid":{"rendered":"http:\/\/www.sincomam.org.br\/?p=10702"},"modified":"2015-02-19T09:51:58","modified_gmt":"2015-02-19T11:51:58","slug":"petrobras-nao-tera-problema-com-balanco-de-2014-diz-levy","status":"publish","type":"post","link":"https:\/\/www.sincomam.org.br\/index.php\/petrobras-nao-tera-problema-com-balanco-de-2014-diz-levy\/","title":{"rendered":"Petrobras n\u00e3o ter\u00e1 problema com balan\u00e7o de 2014, diz Levy"},"content":{"rendered":"<p>O ministro da Fazenda, Joaquim Levy, afirmou que Petrobras vai superar os problemas que enfrenta com a divulga\u00e7\u00e3o de seu balan\u00e7o do terceiro trimestre de 2014 e disse acreditar que a estatal n\u00e3o ter\u00e1 dificuldades com o demonstrativo do ano fechado. A declara\u00e7\u00e3o foi feita nesta quarta-feira a investidores e analistas, durante evento realizado pelo Conselho das Am\u00e9ricas, em Nova York.<\/p>\n<p>Levy destacou que os gastos da Petrobras sempre foram transparentes e que a estatal tem dado mostras de sua compet\u00eancia ao manter em constante crescimento a explora\u00e7\u00e3o e refino de petr\u00f3leo. O ministro disse que a empresa vai \u201cvirar a p\u00e1gina\u201d.<\/p>\n<p>Sobre a economia brasileira, Levy afirmou que o governo tem vontade e meios para fazer os ajustes necess\u00e1rios para responder ao novo ambiente global e promover um novo ciclo de crescimento econ\u00f4mico. N\u00e3o disse como espera alcan\u00e7ar esse ciclo ap\u00f3s os cortes realizados no or\u00e7amento e a redu\u00e7\u00e3o na capacidade de financiamento do BNDES, principal banco de investimentos do pa\u00eds.<\/p>\n<p>Levy resgatou uma apresenta\u00e7\u00e3o de 2005, quando o ministro da Fazenda era Antonio Palocci, e afirmou que \u201ca mensagem de 2005 ainda \u00e9 verdadeira\u201d. O slide destacado informava que o Brasil havia aproveitado o bom momento econ\u00f4mico da \u00e9poca para confirmar sua responsabilidade fiscal, superar a restri\u00e7\u00e3o externa, avan\u00e7ar na agenda microecon\u00f4mica, transformar a composi\u00e7\u00e3o da d\u00edvida p\u00fablica e investir e melhorar as condi\u00e7\u00f5es de vida da popula\u00e7\u00e3o.<\/p>\n<p>O ministro apontou ainda que o Brasil n\u00e3o foi o \u00fanico pa\u00eds a ver sua d\u00edvida crescer e segue com n\u00edvel observado do observado em outros pa\u00edses emergentes, como R\u00fassia e \u00c1frica do Sul.<\/p>\n<p>Fonte: Monitor Mercantil<\/p>\n","protected":false},"excerpt":{"rendered":"<p>O ministro da Fazenda, Joaquim Levy, afirmou que Petrobras vai superar os problemas que enfrenta com a divulga\u00e7\u00e3o de seu balan\u00e7o do terceiro trimestre de&#8230;<\/p>\n","protected":false},"author":1182,"featured_media":7658,"comment_status":"closed","ping_status":"closed","sticky":false,"template":"","format":"standard","meta":{"footnotes":""},"categories":[6],"tags":[],"class_list":["post-10702","post","type-post","status-publish","format-standard","has-post-thumbnail","hentry","category-noticias"],"_links":{"self":[{"href":"https:\/\/www.sincomam.org.br\/index.php\/wp-json\/wp\/v2\/posts\/10702","targetHints":{"allow":["GET"]}}],"collection":[{"href":"https:\/\/www.sincomam.org.br\/index.php\/wp-json\/wp\/v2\/posts"}],"about":[{"href":"https:\/\/www.sincomam.org.br\/index.php\/wp-json\/wp\/v2\/types\/post"}],"author":[{"embeddable":true,"href":"https:\/\/www.sincomam.org.br\/index.php\/wp-json\/wp\/v2\/users\/1182"}],"replies":[{"embeddable":true,"href":"https:\/\/www.sincomam.org.br\/index.php\/wp-json\/wp\/v2\/comments?post=10702"}],"version-history":[{"count":1,"href":"https:\/\/www.sincomam.org.br\/index.php\/wp-json\/wp\/v2\/posts\/10702\/revisions"}],"predecessor-version":[{"id":10703,"href":"https:\/\/www.sincomam.org.br\/index.php\/wp-json\/wp\/v2\/posts\/10702\/revisions\/10703"}],"wp:featuredmedia":[{"embeddable":true,"href":"https:\/\/www.sincomam.org.br\/index.php\/wp-json\/wp\/v2\/media\/7658"}],"wp:attachment":[{"href":"https:\/\/www.sincomam.org.br\/index.php\/wp-json\/wp\/v2\/media?parent=10702"}],"wp:term":[{"taxonomy":"category","embeddable":true,"href":"https:\/\/www.sincomam.org.br\/index.php\/wp-json\/wp\/v2\/categories?post=10702"},{"taxonomy":"post_tag","embeddable":true,"href":"https:\/\/www.sincomam.org.br\/index.php\/wp-json\/wp\/v2\/tags?post=10702"}],"curies":[{"name":"wp","href":"https:\/\/api.w.org\/{rel}","templated":true}]}}