{"id":10694,"date":"2015-02-19T09:21:10","date_gmt":"2015-02-19T11:21:10","guid":{"rendered":"http:\/\/www.sincomam.org.br\/?p=10694"},"modified":"2015-02-19T09:21:10","modified_gmt":"2015-02-19T11:21:10","slug":"presenca-da-forca-nacional-no-rn-e-prorrogada-por-180-dias","status":"publish","type":"post","link":"https:\/\/www.sincomam.org.br\/index.php\/presenca-da-forca-nacional-no-rn-e-prorrogada-por-180-dias\/","title":{"rendered":"Presen\u00e7a da For\u00e7a Nacional no RN \u00e9 prorrogada por 180 dias"},"content":{"rendered":"<p>O ministro da Justi\u00e7a, Jos\u00e9 Eduardo Cardozo, prorrogou por mais 180 dias a perman\u00eancia da For\u00e7a Nacional de Seguran\u00e7a P\u00fablica, no Rio Grande do Norte. A decis\u00e3o foi publicada na edi\u00e7\u00e3o desta quarta-feira (18) do Di\u00e1rio Oficial da Uni\u00e3o. A decis\u00e3o ocorre ap\u00f3s um pedido enviado por meio de of\u00edcio pelo governador Robinson Faria.<\/p>\n<p>Segundo a Portaria 85\/15, o efetivo obedecer\u00e1 ao planejamento definido pelos \u00f3rg\u00e3os envolvidos na opera\u00e7\u00e3o para ajudar o estado no cumprimento das metas da Estrat\u00e9gia Nacional de Justi\u00e7a e Seguran\u00e7a P\u00fablica.<\/p>\n<p>Tamb\u00e9m de acordo com a publica\u00e7\u00e3o, aopera\u00e7\u00e3o ter\u00e1 o apoio log\u00edstico e a supervis\u00e3o dos \u00f3rg\u00e3os de seguran\u00e7a p\u00fablica do estado (Sesed, Pol\u00edcia Militar, Pol\u00edcia Civil, Itep), que dever\u00e3o disponibilizar a infraestrutura necess\u00e1ria para instala\u00e7\u00e3o de base administrativa, bem como permitir o acesso aos sistemas de informa\u00e7\u00f5es e ocorr\u00eancias.<\/p>\n<p>Ainda segundo a portaria, se necess\u00e1rio, o prazo do apoio da For\u00e7a Nacional ao Rio Grande do Norte poder\u00e1 ser novamente estendido.<\/p>\n<p>Fonte: Tribuna do Norte \/ com informa\u00e7\u00f5es da Ag\u00eancia Brasil<\/p>\n","protected":false},"excerpt":{"rendered":"<p>O ministro da Justi\u00e7a, Jos\u00e9 Eduardo Cardozo, prorrogou por mais 180 dias a perman\u00eancia da For\u00e7a Nacional de Seguran\u00e7a P\u00fablica, no Rio Grande do Norte&#8230;.<\/p>\n","protected":false},"author":1182,"featured_media":10696,"comment_status":"closed","ping_status":"closed","sticky":false,"template":"","format":"standard","meta":{"footnotes":""},"categories":[6],"tags":[1655,1653,67,1566,1381,1654,79],"class_list":["post-10694","post","type-post","status-publish","format-standard","has-post-thumbnail","hentry","category-noticias","tag-base","tag-forca","tag-naval","tag-norte","tag-presenca","tag-prorrogacao","tag-rio-grande"],"_links":{"self":[{"href":"https:\/\/www.sincomam.org.br\/index.php\/wp-json\/wp\/v2\/posts\/10694","targetHints":{"allow":["GET"]}}],"collection":[{"href":"https:\/\/www.sincomam.org.br\/index.php\/wp-json\/wp\/v2\/posts"}],"about":[{"href":"https:\/\/www.sincomam.org.br\/index.php\/wp-json\/wp\/v2\/types\/post"}],"author":[{"embeddable":true,"href":"https:\/\/www.sincomam.org.br\/index.php\/wp-json\/wp\/v2\/users\/1182"}],"replies":[{"embeddable":true,"href":"https:\/\/www.sincomam.org.br\/index.php\/wp-json\/wp\/v2\/comments?post=10694"}],"version-history":[{"count":1,"href":"https:\/\/www.sincomam.org.br\/index.php\/wp-json\/wp\/v2\/posts\/10694\/revisions"}],"predecessor-version":[{"id":10697,"href":"https:\/\/www.sincomam.org.br\/index.php\/wp-json\/wp\/v2\/posts\/10694\/revisions\/10697"}],"wp:featuredmedia":[{"embeddable":true,"href":"https:\/\/www.sincomam.org.br\/index.php\/wp-json\/wp\/v2\/media\/10696"}],"wp:attachment":[{"href":"https:\/\/www.sincomam.org.br\/index.php\/wp-json\/wp\/v2\/media?parent=10694"}],"wp:term":[{"taxonomy":"category","embeddable":true,"href":"https:\/\/www.sincomam.org.br\/index.php\/wp-json\/wp\/v2\/categories?post=10694"},{"taxonomy":"post_tag","embeddable":true,"href":"https:\/\/www.sincomam.org.br\/index.php\/wp-json\/wp\/v2\/tags?post=10694"}],"curies":[{"name":"wp","href":"https:\/\/api.w.org\/{rel}","templated":true}]}}