{"id":10684,"date":"2015-02-19T08:49:13","date_gmt":"2015-02-19T10:49:13","guid":{"rendered":"http:\/\/www.sincomam.org.br\/?p=10684"},"modified":"2015-02-19T08:49:13","modified_gmt":"2015-02-19T10:49:13","slug":"prefeito-encaminha-solicitacao-de-audiencia-para-tratar-sobre-o-polo-naval-de-rio-grande","status":"publish","type":"post","link":"https:\/\/www.sincomam.org.br\/index.php\/prefeito-encaminha-solicitacao-de-audiencia-para-tratar-sobre-o-polo-naval-de-rio-grande\/","title":{"rendered":"Prefeito encaminha solicita\u00e7\u00e3o de audi\u00eancia para tratar sobre o Polo Naval de Rio Grande"},"content":{"rendered":"<p>&nbsp;<\/p>\n<p>O prefeito enviou of\u00edcio pedindo audi\u00eancia para a pr\u00f3xima semana, com o secret\u00e1rio geral da presid\u00eancia da Rep\u00fablica, Miguel Rossetto, com o presidente da Petrobras, Aldemir Bendine, e com a gerente executiva de Explora\u00e7\u00e3o e Produ\u00e7\u00e3o Corporativa, Solange da Silva Guedes.<\/p>\n<p>Al\u00e9m disso, o prefeito informou que uma vez concedida as audi\u00eancias, tamb\u00e9m participar\u00e3o da reuni\u00e3o lideran\u00e7as sindicais e comunit\u00e1rias da cidade, que est\u00e3o na luta em defesa do Polo Naval.<\/p>\n<p>Segundo o prefeito, \u201co Governo Municipal tem se empenhado em acompanhar junto ao Governo Federal o momento de dificuldade do setor naval, para que este setor possa sair com a maior brevidade poss\u00edvel desta situa\u00e7\u00e3o, garantindo a empregabilidade e a continuidade dos contratos pactuados com a Petrobras, tudo isso para o fortalecimento da ind\u00fastria naval em Rio Grande, S\u00e3o Jos\u00e9 do Norte e regi\u00e3o.\u201d<\/p>\n<p>O prefeito tamb\u00e9m recebeu na noite do \u00faltimo dia 12, uma comiss\u00e3o de vereadores e membros ligados ao movimento do Polo Naval, onde apresentou os encaminhamentos que apresentar\u00e1 em Bras\u00edlia.<\/p>\n<p>Fonte: Jornal Agora (RS)<\/p>\n","protected":false},"excerpt":{"rendered":"<p>&nbsp; O prefeito enviou of\u00edcio pedindo audi\u00eancia para a pr\u00f3xima semana, com o secret\u00e1rio geral da presid\u00eancia da Rep\u00fablica, Miguel Rossetto, com o presidente da&#8230;<\/p>\n","protected":false},"author":1182,"featured_media":0,"comment_status":"closed","ping_status":"closed","sticky":false,"template":"","format":"standard","meta":{"footnotes":""},"categories":[6],"tags":[],"class_list":["post-10684","post","type-post","status-publish","format-standard","hentry","category-noticias"],"_links":{"self":[{"href":"https:\/\/www.sincomam.org.br\/index.php\/wp-json\/wp\/v2\/posts\/10684","targetHints":{"allow":["GET"]}}],"collection":[{"href":"https:\/\/www.sincomam.org.br\/index.php\/wp-json\/wp\/v2\/posts"}],"about":[{"href":"https:\/\/www.sincomam.org.br\/index.php\/wp-json\/wp\/v2\/types\/post"}],"author":[{"embeddable":true,"href":"https:\/\/www.sincomam.org.br\/index.php\/wp-json\/wp\/v2\/users\/1182"}],"replies":[{"embeddable":true,"href":"https:\/\/www.sincomam.org.br\/index.php\/wp-json\/wp\/v2\/comments?post=10684"}],"version-history":[{"count":1,"href":"https:\/\/www.sincomam.org.br\/index.php\/wp-json\/wp\/v2\/posts\/10684\/revisions"}],"predecessor-version":[{"id":10685,"href":"https:\/\/www.sincomam.org.br\/index.php\/wp-json\/wp\/v2\/posts\/10684\/revisions\/10685"}],"wp:attachment":[{"href":"https:\/\/www.sincomam.org.br\/index.php\/wp-json\/wp\/v2\/media?parent=10684"}],"wp:term":[{"taxonomy":"category","embeddable":true,"href":"https:\/\/www.sincomam.org.br\/index.php\/wp-json\/wp\/v2\/categories?post=10684"},{"taxonomy":"post_tag","embeddable":true,"href":"https:\/\/www.sincomam.org.br\/index.php\/wp-json\/wp\/v2\/tags?post=10684"}],"curies":[{"name":"wp","href":"https:\/\/api.w.org\/{rel}","templated":true}]}}