{"id":10668,"date":"2015-02-13T08:12:30","date_gmt":"2015-02-13T10:12:30","guid":{"rendered":"http:\/\/www.sincomam.org.br\/?p=10668"},"modified":"2015-02-13T09:26:35","modified_gmt":"2015-02-13T11:26:35","slug":"setenta-planos-de-saude-tem-vendas-suspensas-pela-ans-por-queixas-de-usuarios","status":"publish","type":"post","link":"https:\/\/www.sincomam.org.br\/index.php\/setenta-planos-de-saude-tem-vendas-suspensas-pela-ans-por-queixas-de-usuarios\/","title":{"rendered":"Setenta planos de sa\u00fade t\u00eam vendas suspensas pela ANS por queixas de usu\u00e1rios"},"content":{"rendered":"<p>Setenta planos de sa\u00fade de 11 operadoras ter\u00e3o a comercializa\u00e7\u00e3o suspensa, a partir da pr\u00f3xima quinta-feira (19), por determina\u00e7\u00e3o da Ag\u00eancia Nacional de Sa\u00fade Suplementar (ANS) depois de receber reclama\u00e7\u00f5es de usu\u00e1rios sobre quest\u00f5es como descuprimento do prazo de atendimento e negativa indevida de cobertura.<\/p>\n<p>Em nota, a Federa\u00e7\u00e3o Nacional de Sa\u00fade Suplementar (FenaSa\u00fade) disse que o 12\u00ba ciclo de monitoramento demonstra os esfor\u00e7os do setor para a corre\u00e7\u00e3o das falhas, j\u00e1 que houve redu\u00e7\u00e3o no n\u00famero de operadoras com planos suspensos em rela\u00e7\u00e3o a outros ciclos. No texto, a FenaSa\u00fade garante que as 27 operadoras associadas v\u00eam investindo continuamente na qualidade de atendimento aos usu\u00e1rios.<\/p>\n<p>No per\u00edodo entre setembro e dezembro de 2014, quando foi realizada a 12\u00aa etapa do programa de Monitoramento da Garantia de Atendimento, a ANS recebeu mais de 13,9 mil reclama\u00e7\u00f5es. A avalia\u00e7\u00e3o \u00e9 feita a cada tr\u00eas meses, desde dezembro de 2011.<\/p>\n<p>No atual ciclo da avalia\u00e7\u00e3o, 39,9% das reclama\u00e7\u00f5es foram referentes a problemas de gerenciamento das a\u00e7\u00f5es de sa\u00fade, como autoriza\u00e7\u00e3o pr\u00e9via para realiza\u00e7\u00e3o de consultas e exames. Logo depois, com 25,8%, est\u00e3o queixas sobre desrespeito dos prazos m\u00e1ximos para atendimento de certos procedimentos. As operadoras que tiveram queixas sobre negativa indevida de cobertura podem ser multadas em valores que variam entre R$ 80 mil e R$ 100 mil.<\/p>\n<p>De acordo com a ANS, a medida de suspens\u00e3o vai proteger cerca de 580 mil benefici\u00e1rios e \u00e9 uma forma de melhorar o atendimento. Com a a\u00e7\u00e3o, os usu\u00e1rios n\u00e3o ficam sem a cobertura do plano, j\u00e1 que a suspens\u00e3o \u00e9 somente para impedir que novos produtos sejam comercializados.<\/p>\n<p>No pr\u00f3ximo ciclo de avalia\u00e7\u00e3o, operadoras que apresentarem melhora no atendimento podem voltar a comercializar os planos.<\/p>\n<p>Nesta etapa, a ANS permitiu que 43 produtos que estavam suspensos fossem reativados. Ao todo, 14 operadoras voltaram comercializar seus produtos, das quais a metade obteve a reativa\u00e7\u00e3o total e sete, parcial.<\/p>\n<p>Segundo a ANS, 50,8 milh\u00f5es de pessoas t\u00eam planos de assist\u00eancia m\u00e9dica no pa\u00eds e 21,4 milh\u00f5es, planos exclusivamente odontol\u00f3gicos. Desde 2011, quando o programa de monitoramento foi implantado, a ag\u00eancia suspendeu mais de mil planos de 143 operadoras.<\/p>\n<p>Fonte: Ag\u00eancia Brasil<\/p>\n","protected":false},"excerpt":{"rendered":"<p>Setenta planos de sa\u00fade de 11 operadoras ter\u00e3o a comercializa\u00e7\u00e3o suspensa, a partir da pr\u00f3xima quinta-feira (19), por determina\u00e7\u00e3o da Ag\u00eancia Nacional de Sa\u00fade Suplementar&#8230;<\/p>\n","protected":false},"author":1182,"featured_media":3738,"comment_status":"closed","ping_status":"closed","sticky":false,"template":"","format":"standard","meta":{"footnotes":""},"categories":[6],"tags":[],"class_list":["post-10668","post","type-post","status-publish","format-standard","has-post-thumbnail","hentry","category-noticias"],"_links":{"self":[{"href":"https:\/\/www.sincomam.org.br\/index.php\/wp-json\/wp\/v2\/posts\/10668","targetHints":{"allow":["GET"]}}],"collection":[{"href":"https:\/\/www.sincomam.org.br\/index.php\/wp-json\/wp\/v2\/posts"}],"about":[{"href":"https:\/\/www.sincomam.org.br\/index.php\/wp-json\/wp\/v2\/types\/post"}],"author":[{"embeddable":true,"href":"https:\/\/www.sincomam.org.br\/index.php\/wp-json\/wp\/v2\/users\/1182"}],"replies":[{"embeddable":true,"href":"https:\/\/www.sincomam.org.br\/index.php\/wp-json\/wp\/v2\/comments?post=10668"}],"version-history":[{"count":1,"href":"https:\/\/www.sincomam.org.br\/index.php\/wp-json\/wp\/v2\/posts\/10668\/revisions"}],"predecessor-version":[{"id":10669,"href":"https:\/\/www.sincomam.org.br\/index.php\/wp-json\/wp\/v2\/posts\/10668\/revisions\/10669"}],"wp:featuredmedia":[{"embeddable":true,"href":"https:\/\/www.sincomam.org.br\/index.php\/wp-json\/wp\/v2\/media\/3738"}],"wp:attachment":[{"href":"https:\/\/www.sincomam.org.br\/index.php\/wp-json\/wp\/v2\/media?parent=10668"}],"wp:term":[{"taxonomy":"category","embeddable":true,"href":"https:\/\/www.sincomam.org.br\/index.php\/wp-json\/wp\/v2\/categories?post=10668"},{"taxonomy":"post_tag","embeddable":true,"href":"https:\/\/www.sincomam.org.br\/index.php\/wp-json\/wp\/v2\/tags?post=10668"}],"curies":[{"name":"wp","href":"https:\/\/api.w.org\/{rel}","templated":true}]}}