{"id":10664,"date":"2015-02-13T08:59:57","date_gmt":"2015-02-13T10:59:57","guid":{"rendered":"http:\/\/www.sincomam.org.br\/?p=10664"},"modified":"2015-02-13T08:59:57","modified_gmt":"2015-02-13T10:59:57","slug":"sem-receber-salarios-trabalhadores-do-setor-petroleiro-fazem-nova-mobilizacao-em-itajai-sc","status":"publish","type":"post","link":"https:\/\/www.sincomam.org.br\/index.php\/sem-receber-salarios-trabalhadores-do-setor-petroleiro-fazem-nova-mobilizacao-em-itajai-sc\/","title":{"rendered":"Sem receber sal\u00e1rios, trabalhadores do setor petroleiro fazem nova mobiliza\u00e7\u00e3o em Itaja\u00ed (SC)"},"content":{"rendered":"<p>Sem defini\u00e7\u00e3o sobre o pagamento dos sal\u00e1rios deste m\u00eas, trabalhadores do grupo Amal fizeram uma nova manifesta\u00e7\u00e3o em frente ao terminal Teporti (onde funciona a companhia) nesta quarta-feira (11) em Itaja\u00ed. Os empregados disseram que v\u00e3o manter a mobiliza\u00e7\u00e3o at\u00e9 que a situa\u00e7\u00e3o seja resolvida. Desta vez apenas alguns funcion\u00e1rios do Cons\u00f3rcio MGT, que na ter\u00e7a paralisaram as atividades em solidariedade aos colegas, permaneceram do lado de fora da empresa.<\/p>\n<p>O presidente do Sindicato dos Trabalhadores nas Ind\u00fastrias Metal\u00fargicas, Mec\u00e2nicas, Material El\u00e9trico e da Constru\u00e7\u00e3o Naval de Itaja\u00ed e Regi\u00e3o, Oscar Jo\u00e3o Cunha, disse que a Amal informou que deve receber nesta quarta os valores para quitar os sal\u00e1rios, atrasados desde a \u00faltima sexta-feira. No entanto, Cunha explica que a empresa n\u00e3o comentou sobre a garantia dos empregos.<\/p>\n<p>\u2014 Ainda estamos aguardando. O representante da Amal me disse que o dinheiro deve entrar hoje (quarta-feira) para ser transferido aos empregados \u2014 conta.<\/p>\n<p>A funcion\u00e1ria da Amal Daniele dos Santos confirma que a empresa prometeu pagar os sal\u00e1rios entre hoje e amanh\u00e3, at\u00e9 l\u00e1 os trabalhadores continuar\u00e3o em protestando.<\/p>\n<p><strong>Entenda o caso<\/strong><\/p>\n<p>&#8211; Os empregados da Amal \u2014 grupo portugu\u00eas que fabrica m\u00f3dulos para plataformas de petr\u00f3leo da Petrobras \u2014 afirmam estar sem receber o \u00faltimo sal\u00e1rio. Segunda-feira, um grupo menor fez uma mobiliza\u00e7\u00e3o em frente \u00e0 empresa para buscar esclarecimentos.<\/p>\n<p>&#8211; Sem resposta, dezenas de pessoas retornaram na ter\u00e7a ao local para protestar. Desta vez os funcion\u00e1rios do Cons\u00f3rcio MGT se solidarizaram aos colegas e decidiram paralisar as atividades.<\/p>\n<p>&#8211; O grupo teme perder os empregos em fun\u00e7\u00e3o da crise que atinge o setor, depois das den\u00fancias feitas contra a Petrobras na Opera\u00e7\u00e3o Lava-Jato.<\/p>\n<p>&#8211; Em entrevista ao Sol Di\u00e1rio na ter\u00e7a-feira o diretor-presidente da Amal no Brasil, Sandro Picchio, comentou que a empresa fechou um acordo com a Integra (que terceirizou para eles a constru\u00e7\u00e3o dos m\u00f3dulos da plataforma). Picchio disse que a Integra ficou de depositar o valor referente ao sal\u00e1rio at\u00e9 a pr\u00f3xima quinta-feira.<\/p>\n<p>Fonte:\u00a0<span>O Sol Di\u00e1rio\/Maikeli Alves \/ Foto: Porto de Itaja\u00ed<\/span><\/p>\n","protected":false},"excerpt":{"rendered":"<p>Sem defini\u00e7\u00e3o sobre o pagamento dos sal\u00e1rios deste m\u00eas, trabalhadores do grupo Amal fizeram uma nova manifesta\u00e7\u00e3o em frente ao terminal Teporti (onde funciona a&#8230;<\/p>\n","protected":false},"author":1182,"featured_media":6990,"comment_status":"closed","ping_status":"closed","sticky":false,"template":"","format":"standard","meta":{"footnotes":""},"categories":[6],"tags":[1647,65,244,291,1493,58],"class_list":["post-10664","post","type-post","status-publish","format-standard","has-post-thumbnail","hentry","category-noticias","tag-amal","tag-empresas","tag-greve","tag-itajai","tag-lava-jato","tag-petrobras"],"_links":{"self":[{"href":"https:\/\/www.sincomam.org.br\/index.php\/wp-json\/wp\/v2\/posts\/10664","targetHints":{"allow":["GET"]}}],"collection":[{"href":"https:\/\/www.sincomam.org.br\/index.php\/wp-json\/wp\/v2\/posts"}],"about":[{"href":"https:\/\/www.sincomam.org.br\/index.php\/wp-json\/wp\/v2\/types\/post"}],"author":[{"embeddable":true,"href":"https:\/\/www.sincomam.org.br\/index.php\/wp-json\/wp\/v2\/users\/1182"}],"replies":[{"embeddable":true,"href":"https:\/\/www.sincomam.org.br\/index.php\/wp-json\/wp\/v2\/comments?post=10664"}],"version-history":[{"count":1,"href":"https:\/\/www.sincomam.org.br\/index.php\/wp-json\/wp\/v2\/posts\/10664\/revisions"}],"predecessor-version":[{"id":10665,"href":"https:\/\/www.sincomam.org.br\/index.php\/wp-json\/wp\/v2\/posts\/10664\/revisions\/10665"}],"wp:featuredmedia":[{"embeddable":true,"href":"https:\/\/www.sincomam.org.br\/index.php\/wp-json\/wp\/v2\/media\/6990"}],"wp:attachment":[{"href":"https:\/\/www.sincomam.org.br\/index.php\/wp-json\/wp\/v2\/media?parent=10664"}],"wp:term":[{"taxonomy":"category","embeddable":true,"href":"https:\/\/www.sincomam.org.br\/index.php\/wp-json\/wp\/v2\/categories?post=10664"},{"taxonomy":"post_tag","embeddable":true,"href":"https:\/\/www.sincomam.org.br\/index.php\/wp-json\/wp\/v2\/tags?post=10664"}],"curies":[{"name":"wp","href":"https:\/\/api.w.org\/{rel}","templated":true}]}}