{"id":10626,"date":"2015-02-12T09:19:54","date_gmt":"2015-02-12T11:19:54","guid":{"rendered":"http:\/\/www.sincomam.org.br\/?p=10626"},"modified":"2015-02-12T09:19:54","modified_gmt":"2015-02-12T11:19:54","slug":"internacional-ex-comandante-do-navio-costa-concordia-e-condenado-a-16-anos-de-prisao","status":"publish","type":"post","link":"https:\/\/www.sincomam.org.br\/index.php\/internacional-ex-comandante-do-navio-costa-concordia-e-condenado-a-16-anos-de-prisao\/","title":{"rendered":"Internacional: ex-comandante do navio Costa Concordia \u00e9 condenado a 16 anos de pris\u00e3o"},"content":{"rendered":"<p>O ex-comandante do navio de cruzeiro italiano Costa Concordia, Francesco Schettino, foi condenado hoje (11) a 16 anos de pris\u00e3o no julgamento em que foi acusado de homic\u00eddio m\u00faltiplo e abandono de navio. A embarca\u00e7\u00e3o naufragou em janeiro de 2012, depois de se chocar com um rochedo na costa da Ilha de Giglio, ao largo da Tosc\u00e2nia, causando a morte de 32 pessoas.<\/p>\n<p>Schettino, de 54 anos, foi condenado ap\u00f3s 19 meses de julgamento e tr\u00eas anos depois do naufr\u00e1gio. A condena\u00e7\u00e3o \u00e9 pass\u00edvel de recurso. N\u00e3o ficou imediatamente claro de que crimes foi considerado culpado o comandante, para quem o Minist\u00e9rio P\u00fablico pedir\u00e1 pena total de 26 anos e tr\u00eas meses.<\/p>\n<p>Durante o julgamento, Schettino foi acusado de condu\u00e7\u00e3o negligente do navio de cruzeiro em dire\u00e7\u00e3o a rochedos, com 4 mil pessoas a bordo; de atrasar uma ordem de abandono da embarca\u00e7\u00e3o e de ter abandonado o navio, de forma covarde e pouco profissional.<\/p>\n<p>Em sua defesa, o ex-comandante disse que a culpa da colis\u00e3o foi da tripula\u00e7\u00e3o, que o atraso na evacua\u00e7\u00e3o do navio pode ter salvado vidas e frisou que caiu do barco quando o navio estava virando, e n\u00e3o o abandonou. Schettino argumentou ainda que estava sendo o bode expiat\u00f3rio do acidente e se disse v\u00edtima de uma ca\u00e7a \u00e0s bruxas liderada pela imprensa.<\/p>\n<p>Fonte: Ag\u00eancia Lusa<\/p>\n","protected":false},"excerpt":{"rendered":"<p>O ex-comandante do navio de cruzeiro italiano Costa Concordia, Francesco Schettino, foi condenado hoje (11) a 16 anos de pris\u00e3o no julgamento em que foi&#8230;<\/p>\n","protected":false},"author":1182,"featured_media":6906,"comment_status":"closed","ping_status":"closed","sticky":false,"template":"","format":"standard","meta":{"footnotes":""},"categories":[6],"tags":[114,1638,1639,1637,1640,47],"class_list":["post-10626","post","type-post","status-publish","format-standard","has-post-thumbnail","hentry","category-noticias","tag-acidente","tag-concorida","tag-condenacao","tag-costa","tag-ex-comandante","tag-navio"],"_links":{"self":[{"href":"https:\/\/www.sincomam.org.br\/index.php\/wp-json\/wp\/v2\/posts\/10626","targetHints":{"allow":["GET"]}}],"collection":[{"href":"https:\/\/www.sincomam.org.br\/index.php\/wp-json\/wp\/v2\/posts"}],"about":[{"href":"https:\/\/www.sincomam.org.br\/index.php\/wp-json\/wp\/v2\/types\/post"}],"author":[{"embeddable":true,"href":"https:\/\/www.sincomam.org.br\/index.php\/wp-json\/wp\/v2\/users\/1182"}],"replies":[{"embeddable":true,"href":"https:\/\/www.sincomam.org.br\/index.php\/wp-json\/wp\/v2\/comments?post=10626"}],"version-history":[{"count":1,"href":"https:\/\/www.sincomam.org.br\/index.php\/wp-json\/wp\/v2\/posts\/10626\/revisions"}],"predecessor-version":[{"id":10627,"href":"https:\/\/www.sincomam.org.br\/index.php\/wp-json\/wp\/v2\/posts\/10626\/revisions\/10627"}],"wp:featuredmedia":[{"embeddable":true,"href":"https:\/\/www.sincomam.org.br\/index.php\/wp-json\/wp\/v2\/media\/6906"}],"wp:attachment":[{"href":"https:\/\/www.sincomam.org.br\/index.php\/wp-json\/wp\/v2\/media?parent=10626"}],"wp:term":[{"taxonomy":"category","embeddable":true,"href":"https:\/\/www.sincomam.org.br\/index.php\/wp-json\/wp\/v2\/categories?post=10626"},{"taxonomy":"post_tag","embeddable":true,"href":"https:\/\/www.sincomam.org.br\/index.php\/wp-json\/wp\/v2\/tags?post=10626"}],"curies":[{"name":"wp","href":"https:\/\/api.w.org\/{rel}","templated":true}]}}