{"id":10566,"date":"2015-02-11T09:22:03","date_gmt":"2015-02-11T11:22:03","guid":{"rendered":"http:\/\/www.sincomam.org.br\/?p=10566"},"modified":"2015-02-11T09:22:03","modified_gmt":"2015-02-11T11:22:03","slug":"mais-de-200-imigrantes-estao-desaparecidos-apos-naufragio-de-dois-barcos-no-mediterraneo","status":"publish","type":"post","link":"https:\/\/www.sincomam.org.br\/index.php\/mais-de-200-imigrantes-estao-desaparecidos-apos-naufragio-de-dois-barcos-no-mediterraneo\/","title":{"rendered":"Mais de 200 imigrantes est\u00e3o desaparecidos ap\u00f3s naufr\u00e1gio de dois barcos no Mediterr\u00e2neo"},"content":{"rendered":"<p><strong><em>Embarca\u00e7\u00f5es teriam partido da costa da L\u00edbia<\/em><\/strong><\/p>\n<p>Mais de 200 imigrantes est\u00e3o desaparecidos ap\u00f3s o naufr\u00e1gio de duas embarca\u00e7\u00f5es no Mar Mediterr\u00e2neo, informou a ag\u00eancia de refugiados da ONU nesta quarta-feira.<\/p>\n<p>\u2014 No total, eram tr\u00eas barcos com imigrantes a bordo. Em um deles estavam 29 que morreram de frio e 79 sobreviventes. Em outros dois viajavam mais de 210 pessoas, mas s\u00f3 nove foram salvas \u2014 afirmou a porta-voz do Acnur na It\u00e1lia, Carlotta Sami, no Twitter, classificando o incidente de uma \u201ctrag\u00e9dia enorme e horr\u00edvel\u201d.<\/p>\n<p>A Organiza\u00e7\u00e3o Internacional para as Migra\u00e7\u00f5es disse que os barcos partiram da costa da L\u00edbia, no s\u00e1bado.<\/p>\n<p>O alerta de risco de naufr\u00e1gio foi dado por um senegal\u00eas que estava em uma das embarca\u00e7\u00f5es. Ele ligou para o seu irm\u00e3o que vive na Espanha. A Guarda Civil espanhola, por sua vez, avisou a coordena\u00e7\u00e3o mar\u00edtima, e as autoridades italianas logo foram informadas.<\/p>\n<p>Fonte: O GLOBO \/ com Ag\u00eancias Internacionais<\/p>\n","protected":false},"excerpt":{"rendered":"<p>Embarca\u00e7\u00f5es teriam partido da costa da L\u00edbia Mais de 200 imigrantes est\u00e3o desaparecidos ap\u00f3s o naufr\u00e1gio de duas embarca\u00e7\u00f5es no Mar Mediterr\u00e2neo, informou a ag\u00eancia&#8230;<\/p>\n","protected":false},"author":1182,"featured_media":10567,"comment_status":"closed","ping_status":"closed","sticky":false,"template":"","format":"standard","meta":{"footnotes":""},"categories":[6],"tags":[734,619,1621,621],"class_list":["post-10566","post","type-post","status-publish","format-standard","has-post-thumbnail","hentry","category-noticias","tag-barcos","tag-imigrantes","tag-mediterraneo","tag-naufragio"],"_links":{"self":[{"href":"https:\/\/www.sincomam.org.br\/index.php\/wp-json\/wp\/v2\/posts\/10566","targetHints":{"allow":["GET"]}}],"collection":[{"href":"https:\/\/www.sincomam.org.br\/index.php\/wp-json\/wp\/v2\/posts"}],"about":[{"href":"https:\/\/www.sincomam.org.br\/index.php\/wp-json\/wp\/v2\/types\/post"}],"author":[{"embeddable":true,"href":"https:\/\/www.sincomam.org.br\/index.php\/wp-json\/wp\/v2\/users\/1182"}],"replies":[{"embeddable":true,"href":"https:\/\/www.sincomam.org.br\/index.php\/wp-json\/wp\/v2\/comments?post=10566"}],"version-history":[{"count":1,"href":"https:\/\/www.sincomam.org.br\/index.php\/wp-json\/wp\/v2\/posts\/10566\/revisions"}],"predecessor-version":[{"id":10568,"href":"https:\/\/www.sincomam.org.br\/index.php\/wp-json\/wp\/v2\/posts\/10566\/revisions\/10568"}],"wp:featuredmedia":[{"embeddable":true,"href":"https:\/\/www.sincomam.org.br\/index.php\/wp-json\/wp\/v2\/media\/10567"}],"wp:attachment":[{"href":"https:\/\/www.sincomam.org.br\/index.php\/wp-json\/wp\/v2\/media?parent=10566"}],"wp:term":[{"taxonomy":"category","embeddable":true,"href":"https:\/\/www.sincomam.org.br\/index.php\/wp-json\/wp\/v2\/categories?post=10566"},{"taxonomy":"post_tag","embeddable":true,"href":"https:\/\/www.sincomam.org.br\/index.php\/wp-json\/wp\/v2\/tags?post=10566"}],"curies":[{"name":"wp","href":"https:\/\/api.w.org\/{rel}","templated":true}]}}