{"id":10564,"date":"2015-02-11T09:16:49","date_gmt":"2015-02-11T11:16:49","guid":{"rendered":"http:\/\/www.sincomam.org.br\/?p=10564"},"modified":"2015-02-11T17:07:49","modified_gmt":"2015-02-11T19:07:49","slug":"pt-cobra-promessa-de-campanha-de-dilma-sobre-direitos-trabalhistas","status":"publish","type":"post","link":"https:\/\/www.sincomam.org.br\/index.php\/pt-cobra-promessa-de-campanha-de-dilma-sobre-direitos-trabalhistas\/","title":{"rendered":"PT cobra promessa de campanha de Dilma sobre direitos trabalhistas"},"content":{"rendered":"<p><strong><em>Documento elaborado no anivers\u00e1rio do partido pede engajamento e di\u00e1logo com movimentos sociais<\/em><\/strong><\/p>\n<p>A Executiva nacional do PT cobrou, em documento elaborado ap\u00f3s reuni\u00e3o dos dirigentes na semana passada, que a presidente Dilma Rousseff cumpra sua promessa de campanha de \u201cimpedir\u201d que o ajuste fiscal prejudique os direitos trabalhistas conquistados. A resolu\u00e7\u00e3o, tomada no encontro realizado em Belo Horizonte que comemorou os 35 anos do partido, foi divulgada nesta ter\u00e7a-feira.<\/p>\n<p>No documento, o PT tamb\u00e9m afirma que o governo federal deve dar \u201ccontinuidade\u201d ao di\u00e1logo com o movimento sindical e popular. \u201cPropor ao governo que d\u00ea continuidade ao debate com o movimento sindical e popular, no sentido de impedir que medidas necess\u00e1rias de ajuste incidam sobre direitos conquistados \u2013 tal como a presidenta Dilma assegurou na campanha e em seu mais recente pronunciamento\u201d, diz o texto.<\/p>\n<p>A resolu\u00e7\u00e3o ressalta que, para isso, \u00e9 preciso que o governo federal formalize o \u201cprocesso de di\u00e1logo tripartite entre governo, partido e movimento sindical e popular, principalmente no que se refere \u00e0s Medidas 664 e 665\u201d. N\u00e3o mexer nos direitos trabalhistas foi uma das principais promessas de campanha de Dilma, que usou a frase \u201cnem que a vaca tussa\u201d para dizer que n\u00e3o alteraria benef\u00edcios.<\/p>\n<p>As Medidas Provis\u00f3rias 664 e 665 foram decretadas em dezembro de 2014, fazem parte do ajuste fiscal e alteram direitos trabalhistas e previdenci\u00e1rios. Elas mudam as regras do Fundo de Amparo ao Trabalhador (FAT) e da Previd\u00eancia Social, aumentando o rigor para a concess\u00e3o do abono salarial, do seguro-desemprego, da pens\u00e3o por morte e do aux\u00edlio-doen\u00e7a. Na \u00e9poca, o governo federal anunciou que as mudan\u00e7as acarretariam uma economia de R$ 18 bilh\u00f5es ao ano a partir de 2015.<\/p>\n<p>As medidas foram duramente criticadas por centrais sindicais, inclusive pela Central \u00danica dos Trabalhadores (CUT), que \u00e9 ligada ao PT. A CUT defende a retirada ou altera\u00e7\u00e3o dos decretos. O presidente da Central, Vagner Freitas, teria uma reuni\u00e3o nesta ter\u00e7a-feira com a presidente.<\/p>\n<p>A sigla tamb\u00e9m pede recoloca\u00e7\u00e3o na ordem do dia \u201ca necessidade de aprovar a cria\u00e7\u00e3o de um imposto sobre grandes fortunas\u201d, a reforma tribut\u00e1ria e mais \u201cengajamento, contribui\u00e7\u00e3o e uni\u00e3o para possibilitar a governabilidade do partido para al\u00e9m do Congresso Nacional\u201d.<\/p>\n<p>O documento tamb\u00e9m pede a cria\u00e7\u00e3o de uma frente contra \u201co golpismo daquelas elites que n\u00e3o conseguem vencer e nem convencer pelas ideias\u201d e volta a defender a investiga\u00e7\u00e3o das den\u00fancias de corrup\u00e7\u00e3o na Petrobras e a \u201cexigir que elas (den\u00fancias) sejam conduzidas rigorosamente dentro dos marcos legais e n\u00e3o se prestem a ser instrumentalizadas, de forma fraudulenta, por objetivos partid\u00e1rios\u201d.<\/p>\n<p>Fonte: O Globo \/ Julianna Granjeia<\/p>\n","protected":false},"excerpt":{"rendered":"<p>Documento elaborado no anivers\u00e1rio do partido pede engajamento e di\u00e1logo com movimentos sociais A Executiva nacional do PT cobrou, em documento elaborado ap\u00f3s reuni\u00e3o dos&#8230;<\/p>\n","protected":false},"author":1182,"featured_media":8770,"comment_status":"closed","ping_status":"closed","sticky":false,"template":"","format":"standard","meta":{"footnotes":""},"categories":[6],"tags":[1620,780,295,1618,297,1617,1619,841,1140],"class_list":["post-10564","post","type-post","status-publish","format-standard","has-post-thumbnail","hentry","category-noticias","tag-decretos","tag-dilma-rousseff","tag-documento","tag-golpismo","tag-investigacao","tag-mentira","tag-partidos","tag-pt","tag-trabalhadores"],"_links":{"self":[{"href":"https:\/\/www.sincomam.org.br\/index.php\/wp-json\/wp\/v2\/posts\/10564","targetHints":{"allow":["GET"]}}],"collection":[{"href":"https:\/\/www.sincomam.org.br\/index.php\/wp-json\/wp\/v2\/posts"}],"about":[{"href":"https:\/\/www.sincomam.org.br\/index.php\/wp-json\/wp\/v2\/types\/post"}],"author":[{"embeddable":true,"href":"https:\/\/www.sincomam.org.br\/index.php\/wp-json\/wp\/v2\/users\/1182"}],"replies":[{"embeddable":true,"href":"https:\/\/www.sincomam.org.br\/index.php\/wp-json\/wp\/v2\/comments?post=10564"}],"version-history":[{"count":1,"href":"https:\/\/www.sincomam.org.br\/index.php\/wp-json\/wp\/v2\/posts\/10564\/revisions"}],"predecessor-version":[{"id":10565,"href":"https:\/\/www.sincomam.org.br\/index.php\/wp-json\/wp\/v2\/posts\/10564\/revisions\/10565"}],"wp:featuredmedia":[{"embeddable":true,"href":"https:\/\/www.sincomam.org.br\/index.php\/wp-json\/wp\/v2\/media\/8770"}],"wp:attachment":[{"href":"https:\/\/www.sincomam.org.br\/index.php\/wp-json\/wp\/v2\/media?parent=10564"}],"wp:term":[{"taxonomy":"category","embeddable":true,"href":"https:\/\/www.sincomam.org.br\/index.php\/wp-json\/wp\/v2\/categories?post=10564"},{"taxonomy":"post_tag","embeddable":true,"href":"https:\/\/www.sincomam.org.br\/index.php\/wp-json\/wp\/v2\/tags?post=10564"}],"curies":[{"name":"wp","href":"https:\/\/api.w.org\/{rel}","templated":true}]}}