{"id":10554,"date":"2015-02-10T10:16:15","date_gmt":"2015-02-10T12:16:15","guid":{"rendered":"http:\/\/www.sincomam.org.br\/?p=10554"},"modified":"2015-02-10T10:16:48","modified_gmt":"2015-02-10T12:16:48","slug":"marinha-visita-porto-e-discute-ampliacao-de-canal-de-acesso-a-baia-da-babitonga-2","status":"publish","type":"post","link":"https:\/\/www.sincomam.org.br\/index.php\/marinha-visita-porto-e-discute-ampliacao-de-canal-de-acesso-a-baia-da-babitonga-2\/","title":{"rendered":"Marinha visita porto e discute amplia\u00e7\u00e3o de canal de acesso \u00e0 Ba\u00eda da Babitonga"},"content":{"rendered":"<p><strong><em>O Porto Itapo\u00e1 discutiu a amplia\u00e7\u00e3o dos par\u00e2metros de navega\u00e7\u00e3o do canal de acesso para navios maiores que 300 metros<\/em><\/strong><\/p>\n<p>O Porto Itapo\u00e1 recebeu essa semana a visita da Marinha do Brasil, representada pelo Capit\u00e3o dos Portos de Santa Catarina, Capit\u00e3o de Mar e Guerra Lu\u00eds Filipe Rabello Freire, juntamente com o Delegado dos Portos em S\u00e3o Francisco do Sul, Capit\u00e3o de Corveta, Cl\u00e1udio Estrella.<\/p>\n<p>Na visita, o Capit\u00e3o conheceu as estruturas e a opera\u00e7\u00e3o do terminal, juntamente com o Presidente do porto, Patr\u00edcio Junior, que apresentou \u00e0 autoridade os n\u00fameros operacionais de Itapo\u00e1 que, em tr\u00eas anos de opera\u00e7\u00e3o j\u00e1 \u00e9 o quinto maior do Brasil em movimenta\u00e7\u00e3o de cont\u00eaineres.<\/p>\n<p>Uma das pautas da visita, abordada pelo presidente do porto, foi o empenho dos portos de Itapo\u00e1 e S\u00e3o Francisco em ampliar os par\u00e2metros de navega\u00e7\u00e3o do canal de acesso \u00e0 Ba\u00eda da Babitonga para navios maiores que 300 metros. Hoje, mesmo com uma profundidade de 14 metros no canal, as embarca\u00e7\u00f5es est\u00e3o submetidas \u00e0 uma limita\u00e7\u00e3o de 10 metros de calado, al\u00e9m da determina\u00e7\u00e3o de opera\u00e7\u00e3o exclusivamente diurna.<\/p>\n<p>A limita\u00e7\u00e3o imposta aos mega-navios de cont\u00eaineres que operam no Porto Itapo\u00e1, os obrigam a atracar sem sua capacidade m\u00e1xima. Esta decis\u00e3o faz com que cerca de 1 milh\u00e3o de reais deixam de ser movimentados no porto a cada embarca\u00e7\u00e3o\/dia.<\/p>\n<p>Fonte: Guia Mar\u00edtimo<\/p>\n","protected":false},"excerpt":{"rendered":"<p>O Porto Itapo\u00e1 discutiu a amplia\u00e7\u00e3o dos par\u00e2metros de navega\u00e7\u00e3o do canal de acesso para navios maiores que 300 metros O Porto Itapo\u00e1 recebeu essa&#8230;<\/p>\n","protected":false},"author":1182,"featured_media":5310,"comment_status":"closed","ping_status":"closed","sticky":false,"template":"","format":"standard","meta":{"footnotes":""},"categories":[6],"tags":[],"class_list":["post-10554","post","type-post","status-publish","format-standard","has-post-thumbnail","hentry","category-noticias"],"_links":{"self":[{"href":"https:\/\/www.sincomam.org.br\/index.php\/wp-json\/wp\/v2\/posts\/10554","targetHints":{"allow":["GET"]}}],"collection":[{"href":"https:\/\/www.sincomam.org.br\/index.php\/wp-json\/wp\/v2\/posts"}],"about":[{"href":"https:\/\/www.sincomam.org.br\/index.php\/wp-json\/wp\/v2\/types\/post"}],"author":[{"embeddable":true,"href":"https:\/\/www.sincomam.org.br\/index.php\/wp-json\/wp\/v2\/users\/1182"}],"replies":[{"embeddable":true,"href":"https:\/\/www.sincomam.org.br\/index.php\/wp-json\/wp\/v2\/comments?post=10554"}],"version-history":[{"count":1,"href":"https:\/\/www.sincomam.org.br\/index.php\/wp-json\/wp\/v2\/posts\/10554\/revisions"}],"predecessor-version":[{"id":10555,"href":"https:\/\/www.sincomam.org.br\/index.php\/wp-json\/wp\/v2\/posts\/10554\/revisions\/10555"}],"wp:featuredmedia":[{"embeddable":true,"href":"https:\/\/www.sincomam.org.br\/index.php\/wp-json\/wp\/v2\/media\/5310"}],"wp:attachment":[{"href":"https:\/\/www.sincomam.org.br\/index.php\/wp-json\/wp\/v2\/media?parent=10554"}],"wp:term":[{"taxonomy":"category","embeddable":true,"href":"https:\/\/www.sincomam.org.br\/index.php\/wp-json\/wp\/v2\/categories?post=10554"},{"taxonomy":"post_tag","embeddable":true,"href":"https:\/\/www.sincomam.org.br\/index.php\/wp-json\/wp\/v2\/tags?post=10554"}],"curies":[{"name":"wp","href":"https:\/\/api.w.org\/{rel}","templated":true}]}}