{"id":10539,"date":"2015-02-10T09:54:06","date_gmt":"2015-02-10T11:54:06","guid":{"rendered":"http:\/\/www.sincomam.org.br\/?p=10539"},"modified":"2015-02-10T09:54:06","modified_gmt":"2015-02-10T11:54:06","slug":"dominio-do-ciclo-do-combustivel-nuclear-e-salto-tecnologico-afirma-jaques-wagner","status":"publish","type":"post","link":"https:\/\/www.sincomam.org.br\/index.php\/dominio-do-ciclo-do-combustivel-nuclear-e-salto-tecnologico-afirma-jaques-wagner\/","title":{"rendered":"Dom\u00ednio do ciclo do combust\u00edvel nuclear \u00e9 salto tecnol\u00f3gico, afirma Jaques Wagner"},"content":{"rendered":"<p>O dom\u00ednio do ciclo do combust\u00edvel nuclear em escala industrial pela Marinha do Brasil foi o ponto de aten\u00e7\u00e3o da mensagem do ministro da Defesa, Jaques Wagner, nesta sexta-feira (06), durante cerim\u00f4nia de passagem de comando da For\u00e7a Naval. Jaques Wagner disse que tal fato \u201c\u00e9 um dos dois grandes projetos do programa nuclear da Marinha, e seus avan\u00e7os significam, para o Brasil, uma alternativa energ\u00e9tica e comercial valiosa e um grande salto tecnol\u00f3gico\u201d.<\/p>\n<p>Na cerim\u00f4nia, o ministro ressaltou tamb\u00e9m a autonomia do Brasil no que diz respeito ao enriquecimento de uranio. \u201cO Brasil j\u00e1 domina o ciclo do combust\u00edvel nuclear e, com a conclus\u00e3o da unidade de produ\u00e7\u00e3o de hexafluoreto de ur\u00e2nio, prevista para agosto deste ano, passar\u00e1 a produzir ur\u00e2nio enriquecido em escala industrial\u201d, destacou.<\/p>\n<p>Jaques Wagner presidiu a cerim\u00f4nia que conduziu ao posto de comandante da Marinha o almirante Eduardo Bacellar Leal Ferreira, ocorrido no Grupamento dos Fuzileiros Navais, em Bras\u00edlia. Ainda na mensagem, o ministro destacou programas que est\u00e3o em curso no \u00e2mbito da Marinha. Ele destacou, por exemplo, o Programa de Desenvolvimento de Submarinos (Prosub), iniciado em 2008, pelo almirante Julio Sores Moura Neto, hoje substitu\u00eddo no posto m\u00e1ximo da For\u00e7a Naval pelo almirante Leal Ferreira.<\/p>\n<p>\u201cO Prosub viabilizar\u00e1 a produ\u00e7\u00e3o do primeiro submarino brasileiro de propuls\u00e3o nuclear e de mais quatro submarinos convencionais\u201d, destacou.<\/p>\n<p>Jaques Wagner informou tamb\u00e9m que \u201ca inaugura\u00e7\u00e3o do pr\u00e9dio do complexo de Estaleiro e Base Naval de Itagua\u00ed, em dezembro do ano passado, foi um passo muito importante no desenvolvimento desse programa\u201d. E acrescentou: \u201co desenvolvimento nacional da capacidade tecnol\u00f3gica de projetar, construir, operar e manter o reator nuclear que ser\u00e1 empregado na propuls\u00e3o do primeiro submarino nuclear brasileiro \u00e9 um legado de soberania e independ\u00eancia, que deve ser consolidado\u201d.<\/p>\n<p><strong>Mudan\u00e7a de comando<\/strong><\/p>\n<p>Ao despedir-se do Comando da Marinha, o almirante Moura Neto destacou o empenho em prol da tropa e os avan\u00e7os conquistados pelo segmento feminino \u201cpor meio da recomposi\u00e7\u00e3o parcial dos vencimentos e a elabora\u00e7\u00e3o da pol\u00edtica de remunera\u00e7\u00e3o e a valoriza\u00e7\u00e3o da mulher, representada, de forma pioneira, pela promo\u00e7\u00e3o da primeira Almirante e pelo ingresso, na Escola Naval, de aspirantes femininas\u201d.<\/p>\n<p>&nbsp;<\/p>\n<p>Ainda segundo o almirante, a participa\u00e7\u00e3o, na \u00e1rea de defesa, no campo internacional foi fundamental para acordos com na\u00e7\u00f5es amigas como, por exemplo, \u201ca contribui\u00e7\u00e3o para a expans\u00e3o da Base Industrial de Defesa, a presen\u00e7a no Haiti e \u00e0 frente da For\u00e7a-Tarefa Mar\u00edtima da For\u00e7a Interina das Na\u00e7\u00f5es Unidas no L\u00edbano (UNIFIL) e a participa\u00e7\u00e3o em opera\u00e7\u00f5es com as na\u00e7\u00f5es amigas, em particular, na Am\u00e9rica do Sul e na \u00c1frica Atl\u00e2ntica\u201d, contou Moura Neto.<\/p>\n<p>A Marinha, atualmente, est\u00e1 presente em miss\u00f5es de paz como UNIFIL, criada em 2006, sendo que, desde 2011, s\u00e3o almirantes brasileiros que est\u00e3o no comando da miss\u00e3o. J\u00e1 no Haiti, a For\u00e7a participa com militares no Grupamento Operativo de Fuzileiros Navais. A Marinha tamb\u00e9m realiza apoio log\u00edstico da Miss\u00e3o de Paz com o transporte de pessoal e material por meio de navios.<\/p>\n<p>Com 44 anos de carreira militar, Leal Ferreira ir\u00e1 chefiar uma For\u00e7a que possui cerca de 78 mil servidores entre militares e civis, sendo 13% de mulheres. Em seu discurso, o rec\u00e9m-empossado comandante destacou a dimens\u00e3o e complexidade do cargo que assume e reafirmou o compromisso de zelar por um legado de valores e tradi\u00e7\u00f5es centen\u00e1rias. Para Leal Ferreira \u00e9 fundamental \u201cracionalizar esfor\u00e7os, complementar capacita\u00e7\u00f5es e buscar solu\u00e7\u00f5es conjuntas para cen\u00e1rios (\u2026) e ambiente multifacetado que exigir\u00e1 aprimorar a interoperabilidade\u201d.<\/p>\n<p>A cerim\u00f4nia ocorreu no Grupamento de Fuzileiros Navais de Bras\u00edlia (GptFNB) e contou a participa\u00e7\u00e3o dos ministros Carlos Gabas (Previd\u00eancia Social), Patrus Ananias (Desenvolvimento Agr\u00e1rio) e Mangabeira Unger (Assuntos Estrat\u00e9gicos). Estiveram na cerim\u00f4nia os comandantes do Ex\u00e9rcito, general Eduardo Villas B\u00f4as, e da Aeron\u00e1utica, brigadeiro Nivaldo Luiz Rossato; al\u00e9m do chefe do Estado-Maior Conjunto das For\u00e7as Armadas (EMCFA), general Jos\u00e9 Carlos De Nardi, e da secret\u00e1ria-geral do Minist\u00e9rio da Defesa, Eva Chiavon.<\/p>\n<p>Fonte: Minist\u00e9rio da Defesa \/ Foto: SINCOMAM<\/p>\n","protected":false},"excerpt":{"rendered":"<p>O dom\u00ednio do ciclo do combust\u00edvel nuclear em escala industrial pela Marinha do Brasil foi o ponto de aten\u00e7\u00e3o da mensagem do ministro da Defesa,&#8230;<\/p>\n","protected":false},"author":1182,"featured_media":10540,"comment_status":"closed","ping_status":"closed","sticky":false,"template":"","format":"standard","meta":{"footnotes":""},"categories":[6],"tags":[],"class_list":["post-10539","post","type-post","status-publish","format-standard","has-post-thumbnail","hentry","category-noticias"],"_links":{"self":[{"href":"https:\/\/www.sincomam.org.br\/index.php\/wp-json\/wp\/v2\/posts\/10539","targetHints":{"allow":["GET"]}}],"collection":[{"href":"https:\/\/www.sincomam.org.br\/index.php\/wp-json\/wp\/v2\/posts"}],"about":[{"href":"https:\/\/www.sincomam.org.br\/index.php\/wp-json\/wp\/v2\/types\/post"}],"author":[{"embeddable":true,"href":"https:\/\/www.sincomam.org.br\/index.php\/wp-json\/wp\/v2\/users\/1182"}],"replies":[{"embeddable":true,"href":"https:\/\/www.sincomam.org.br\/index.php\/wp-json\/wp\/v2\/comments?post=10539"}],"version-history":[{"count":1,"href":"https:\/\/www.sincomam.org.br\/index.php\/wp-json\/wp\/v2\/posts\/10539\/revisions"}],"predecessor-version":[{"id":10541,"href":"https:\/\/www.sincomam.org.br\/index.php\/wp-json\/wp\/v2\/posts\/10539\/revisions\/10541"}],"wp:featuredmedia":[{"embeddable":true,"href":"https:\/\/www.sincomam.org.br\/index.php\/wp-json\/wp\/v2\/media\/10540"}],"wp:attachment":[{"href":"https:\/\/www.sincomam.org.br\/index.php\/wp-json\/wp\/v2\/media?parent=10539"}],"wp:term":[{"taxonomy":"category","embeddable":true,"href":"https:\/\/www.sincomam.org.br\/index.php\/wp-json\/wp\/v2\/categories?post=10539"},{"taxonomy":"post_tag","embeddable":true,"href":"https:\/\/www.sincomam.org.br\/index.php\/wp-json\/wp\/v2\/tags?post=10539"}],"curies":[{"name":"wp","href":"https:\/\/api.w.org\/{rel}","templated":true}]}}