{"id":10524,"date":"2015-02-09T08:16:40","date_gmt":"2015-02-09T10:16:40","guid":{"rendered":"http:\/\/www.sincomam.org.br\/?p=10524"},"modified":"2015-02-08T23:48:49","modified_gmt":"2015-02-09T01:48:49","slug":"sergio-machado-renuncia-a-presidencia-da-transpetro","status":"publish","type":"post","link":"https:\/\/www.sincomam.org.br\/index.php\/sergio-machado-renuncia-a-presidencia-da-transpetro\/","title":{"rendered":"S\u00e9rgio Machado renuncia \u00e0 presid\u00eancia da Transpetro"},"content":{"rendered":"<p>Indicado por Renan Calheiros em 2003 ao cargo de presidente da Transpetro, subsidi\u00e1ria de log\u00edstica da Petrobras, S\u00e9rgio Machado aproveitou para pedir a sua ren\u00fancia do cargo um dia ap\u00f3s Gra\u00e7a Foster. Citado pelo delator Paulo Roberto Costa, ele estava h\u00e1 tr\u00eas meses de licen\u00e7a n\u00e3o remunerada. Com a reelei\u00e7\u00e3o de Renan \u00e0 presid\u00eancia do Senado, parece que S\u00e9rgio Machado s\u00f3 estava esquentando a cadeira para a pr\u00f3xima indica\u00e7\u00e3o pol\u00edtica de seu tutor ao cargo.<\/p>\n<p>A Transpetro n\u00e3o comentou o caso e S\u00e9rgio Machado tamb\u00e9m n\u00e3o explicou os motivos de sua sa\u00edda. A sua demiss\u00e3o foi entregue \u00e0 Gra\u00e7a Foster, presidente do Conselho de Administra\u00e7\u00e3o da Transpetro.<\/p>\n<p>Fonte: Reda\u00e7\u00e3o TN Petr\u00f3leo<\/p>\n","protected":false},"excerpt":{"rendered":"<p>Indicado por Renan Calheiros em 2003 ao cargo de presidente da Transpetro, subsidi\u00e1ria de log\u00edstica da Petrobras, S\u00e9rgio Machado aproveitou para pedir a sua ren\u00fancia&#8230;<\/p>\n","protected":false},"author":1182,"featured_media":8459,"comment_status":"closed","ping_status":"closed","sticky":false,"template":"","format":"standard","meta":{"footnotes":""},"categories":[6],"tags":[],"class_list":["post-10524","post","type-post","status-publish","format-standard","has-post-thumbnail","hentry","category-noticias"],"_links":{"self":[{"href":"https:\/\/www.sincomam.org.br\/index.php\/wp-json\/wp\/v2\/posts\/10524","targetHints":{"allow":["GET"]}}],"collection":[{"href":"https:\/\/www.sincomam.org.br\/index.php\/wp-json\/wp\/v2\/posts"}],"about":[{"href":"https:\/\/www.sincomam.org.br\/index.php\/wp-json\/wp\/v2\/types\/post"}],"author":[{"embeddable":true,"href":"https:\/\/www.sincomam.org.br\/index.php\/wp-json\/wp\/v2\/users\/1182"}],"replies":[{"embeddable":true,"href":"https:\/\/www.sincomam.org.br\/index.php\/wp-json\/wp\/v2\/comments?post=10524"}],"version-history":[{"count":1,"href":"https:\/\/www.sincomam.org.br\/index.php\/wp-json\/wp\/v2\/posts\/10524\/revisions"}],"predecessor-version":[{"id":10525,"href":"https:\/\/www.sincomam.org.br\/index.php\/wp-json\/wp\/v2\/posts\/10524\/revisions\/10525"}],"wp:featuredmedia":[{"embeddable":true,"href":"https:\/\/www.sincomam.org.br\/index.php\/wp-json\/wp\/v2\/media\/8459"}],"wp:attachment":[{"href":"https:\/\/www.sincomam.org.br\/index.php\/wp-json\/wp\/v2\/media?parent=10524"}],"wp:term":[{"taxonomy":"category","embeddable":true,"href":"https:\/\/www.sincomam.org.br\/index.php\/wp-json\/wp\/v2\/categories?post=10524"},{"taxonomy":"post_tag","embeddable":true,"href":"https:\/\/www.sincomam.org.br\/index.php\/wp-json\/wp\/v2\/tags?post=10524"}],"curies":[{"name":"wp","href":"https:\/\/api.w.org\/{rel}","templated":true}]}}