{"id":10521,"date":"2015-02-09T08:10:01","date_gmt":"2015-02-09T10:10:01","guid":{"rendered":"http:\/\/www.sincomam.org.br\/?p=10521"},"modified":"2015-02-08T23:27:03","modified_gmt":"2015-02-09T01:27:03","slug":"petrobras-confirma-bendine-como-sucessor-de-graca-foster","status":"publish","type":"post","link":"https:\/\/www.sincomam.org.br\/index.php\/petrobras-confirma-bendine-como-sucessor-de-graca-foster\/","title":{"rendered":"Petrobras confirma Bendine como sucessor de Gra\u00e7a Foster"},"content":{"rendered":"<p><strong><em>Executivo renunciou ao cargo de presidente do Banco do Brasil. Nova diretoria tem outro ex-BB e quatro diretores interinos<\/em><\/strong><\/p>\n<p>A Petrobras confirmou na tarde desta sexta-feira (6) que o Conselho de Administra\u00e7\u00e3o da companhia aprovou &#8220;por maioria&#8221; a elei\u00e7\u00e3o de Aldemir Bendine \u2013 at\u00e9 ent\u00e3o presidente do Banco do Brasil \u2013 para a presid\u00eancia da Petrobras. Ele substitui Gra\u00e7a Foster, cuja ren\u00fancia foi comunicada na quarta-feira. A troca acontece em meio \u00e0s investiga\u00e7\u00f5es de desvio de dinheiro da estatal na Opera\u00e7\u00e3o Lava Jato.<\/p>\n<p>Gra\u00e7a Foster tamb\u00e9m deixa o Conselho de Administra\u00e7\u00e3o da companhia, sendo substitu\u00edda por Bendine, que renunciou ao seu cargo no Banco do Brasil, segundo comunicado divulgado pelo banco.<\/p>\n<p>Tamb\u00e9m foi anunciado Ivan de Souza Monteiro como novo diretor Financeiro e de Relacionamento com Investidores, em substitui\u00e7\u00e3o a Almir Guilherme Barbassa. Monteiro era vice-presidente de Gest\u00e3o Financeira e de Rela\u00e7\u00f5es com Investidores do BB, cargo ao qual tamb\u00e9m renunciou nesta sexta.<\/p>\n<p><strong>Rea\u00e7\u00f5es <\/strong><\/p>\n<p>O mercado reagiu mal desde que come\u00e7aram os rumores da escolha de Bendine para a presid\u00eancia da Petrobras. Segundo analistas, a frustra\u00e7\u00e3o se deve ao fato dos investidores esperarem algu\u00e9m com perfil menos pol\u00edtico.<\/p>\n<p>Tanto as a\u00e7\u00f5es da Petrobras como as do Banco do Brasil registraram queda logo ap\u00f3s a confirma\u00e7\u00e3o do nome de Bendine.<\/p>\n<p>No Congresso, a escolha foi criticada pelos parlamentares da oposi\u00e7\u00e3o, que disseram esperar um nome de &#8220;mais credibilidade&#8221; para assumir a Petrobras. A base governista defendeu a escolha da presidente Dilma Rousseff, apesar de reconhecer que o nome de Bendine n\u00e3o agradou os investidores.<\/p>\n<p>At\u00e9 dentro da pr\u00f3pria empresa houve cr\u00edticas. Em nota, o representante dos acionistas minorit\u00e1rios no Conselho da Petrobras, Mauro Cunha, disse que a escolha de Bendine desrespeitou o Conselho, e indica que votou contra o novo presidente.<\/p>\n<p>\u201cO acionista controlador mais uma vez imp\u00f5e sua vontade sobre os interesses da Petrobras, ignorando os apelos de investidores de longo prazo. Como diz o Fato Relevante [comunicado enviado pela empresa ao mercado], a decis\u00e3o foi por maioria, e n\u00e3o por unanimidade \u2013 de onde se pode concluir a posi\u00e7\u00e3o deste conselheiro\u201d.<\/p>\n<p><strong>Diretores interinos<\/strong><\/p>\n<p>Outros quatro diretores da Petrobras que renunciaram junto com Gra\u00e7a Foster ser\u00e3o substitu\u00eddos interinamente por Solange da Silva Guedes (Explora\u00e7\u00e3o e Produ\u00e7\u00e3o), Jorge Celestino Ramos (abastecimento), Hugo Repsold J\u00fanior (G\u00e1s e Energia) e Roberto Moro (Engenharia). Eles j\u00e1 eram gerentes-executivos da estatal e ser\u00e3o elevados temporariamente a cargos de diretoria.<\/p>\n<p>No comunicado ao mercado, a Petrobras agradeceu ainda a Gra\u00e7a Foster e aos cinco diretores demission\u00e1rios &#8220;pela compet\u00eancia t\u00e9cnica, o profissionalismo e a dedica\u00e7\u00e3o&#8221; no exerc\u00edcio dos cargos.<\/p>\n<p>Com a troca de Gra\u00e7a Foster por Bendini, o Conselho de Administra\u00e7\u00e3o da Petrobras passa a ter a seguinte forma\u00e7\u00e3o: Guido Mantega (presidente do conselho), Aldemir Bendini, Luciano Coutinho, Francisco Roberto de Albuquerque, M\u00e1rcio Zimmermann, S\u00e9rgio Franklin Quintella, Miriam Belchior, Jos\u00e9 Guimar\u00e3es Monforte, Mauro Gentile Rodrigues da Cunha e S\u00edlvio Sinedino Pinheiro.<\/p>\n<p><strong>Fora de hor\u00e1rio<\/strong><\/p>\n<p>O comunicado da Petrobras sobre a troca de comando foi divulgado \u00e0s 15h22. O hor\u00e1rio \u00e9 pouco usual, uma vez que esse tipo de divulga\u00e7\u00e3o, em geral, deve acontecer com o mercado fechado, conforme determina o manual da Bovespa.<\/p>\n<p>&#8220;Sempre que poss\u00edvel, a divulga\u00e7\u00e3o de Ato ou Fato Relevante dever\u00e1 ocorrer antes do in\u00edcio ou ap\u00f3s o encerramento dos neg\u00f3cios nas Bolsas de Valores&#8221;, diz o manual.<\/p>\n<p><strong>Perfil<\/strong><\/p>\n<p>Aldemir Bendine est\u00e1 na presid\u00eancia do Banco do Brasil desde abril de 2009. O executivo tem liga\u00e7\u00f5es com o Partido dos Trabalhadores (PT), mas n\u00e3o \u00e9 filiado.<\/p>\n<p>Segundo o jornal &#8220;O Globo&#8221;, Bendine havia sido convidado em novembro de 2014 para assumir a presid\u00eancia do BNDES (Banco Nacional de Desenvolvimento Econ\u00f4mico e Social) no lugar de Luciano Coutinho.<\/p>\n<p>Formado em Administra\u00e7\u00e3o de Empresas, foi gerente em Piracicaba (SP), assessor na Superintend\u00eancia II de S\u00e3o Paulo, gerente-executivo da Diretoria de Varejo do BB (Solu\u00e7\u00f5es do mercado de cart\u00f5es para o segmento corporativo), e secret\u00e1rio-executivo do Conselho Diretor do BB, chegando a vice-presidente do setor de Varejo do banco em dezembro de 2006.<\/p>\n<p>Fonte: G1<\/p>\n","protected":false},"excerpt":{"rendered":"<p>Executivo renunciou ao cargo de presidente do Banco do Brasil. Nova diretoria tem outro ex-BB e quatro diretores interinos A Petrobras confirmou na tarde desta&#8230;<\/p>\n","protected":false},"author":1182,"featured_media":10522,"comment_status":"closed","ping_status":"closed","sticky":false,"template":"","format":"standard","meta":{"footnotes":""},"categories":[6],"tags":[],"class_list":["post-10521","post","type-post","status-publish","format-standard","has-post-thumbnail","hentry","category-noticias"],"_links":{"self":[{"href":"https:\/\/www.sincomam.org.br\/index.php\/wp-json\/wp\/v2\/posts\/10521","targetHints":{"allow":["GET"]}}],"collection":[{"href":"https:\/\/www.sincomam.org.br\/index.php\/wp-json\/wp\/v2\/posts"}],"about":[{"href":"https:\/\/www.sincomam.org.br\/index.php\/wp-json\/wp\/v2\/types\/post"}],"author":[{"embeddable":true,"href":"https:\/\/www.sincomam.org.br\/index.php\/wp-json\/wp\/v2\/users\/1182"}],"replies":[{"embeddable":true,"href":"https:\/\/www.sincomam.org.br\/index.php\/wp-json\/wp\/v2\/comments?post=10521"}],"version-history":[{"count":1,"href":"https:\/\/www.sincomam.org.br\/index.php\/wp-json\/wp\/v2\/posts\/10521\/revisions"}],"predecessor-version":[{"id":10523,"href":"https:\/\/www.sincomam.org.br\/index.php\/wp-json\/wp\/v2\/posts\/10521\/revisions\/10523"}],"wp:featuredmedia":[{"embeddable":true,"href":"https:\/\/www.sincomam.org.br\/index.php\/wp-json\/wp\/v2\/media\/10522"}],"wp:attachment":[{"href":"https:\/\/www.sincomam.org.br\/index.php\/wp-json\/wp\/v2\/media?parent=10521"}],"wp:term":[{"taxonomy":"category","embeddable":true,"href":"https:\/\/www.sincomam.org.br\/index.php\/wp-json\/wp\/v2\/categories?post=10521"},{"taxonomy":"post_tag","embeddable":true,"href":"https:\/\/www.sincomam.org.br\/index.php\/wp-json\/wp\/v2\/tags?post=10521"}],"curies":[{"name":"wp","href":"https:\/\/api.w.org\/{rel}","templated":true}]}}