{"id":10519,"date":"2015-02-09T08:07:53","date_gmt":"2015-02-09T10:07:53","guid":{"rendered":"http:\/\/www.sincomam.org.br\/?p=10519"},"modified":"2015-02-08T23:09:25","modified_gmt":"2015-02-09T01:09:25","slug":"alumini-tera-que-pagar-r-14-mi-a-empregados-do-comperj","status":"publish","type":"post","link":"https:\/\/www.sincomam.org.br\/index.php\/alumini-tera-que-pagar-r-14-mi-a-empregados-do-comperj\/","title":{"rendered":"Alumini ter\u00e1 que pagar R$ 14 mi a empregados do Comperj"},"content":{"rendered":"<p>A Alumini Engenharia, respons\u00e1vel pela contrata\u00e7\u00e3o de oper\u00e1rios do Complexo Petroqu\u00edmico do Rio de Janeiro (Comperj), localizado em Itabora\u00ed, Leste fluminense, ter\u00e1 que pagar R$ 14 milh\u00f5es em d\u00edvidas trabalhistas para cerca de 3 mil empregados da ativa e os dispensados. A decis\u00e3o do juiz Andr\u00e9 Correa Figueira foi anunciada em audi\u00eancia no Tribunal Regional do Trabalho da 1\u00aa Regi\u00e3o (TRT) e atende a a\u00e7\u00e3o civil p\u00fablica do Minist\u00e9rio P\u00fablico do Trabalho no Rio de Janeiro (MPT-RJ) contra a empresa e a Petrobras, que contratou a obra.<\/p>\n<p>Na decis\u00e3o, o juiz determinou que a Petrobras, al\u00e9m de ser respons\u00e1vel subsidi\u00e1ria pelo pagamento de sal\u00e1rios atrasados, ter\u00e1 que garantir a segunda parcela do d\u00e9cimo terceiro, f\u00e9rias vencidas e pela terceira parcela da verba rescis\u00f3ria devida a 469 empregados dispensados. Com isso, se a Alumini n\u00e3o quitar a d\u00edvida, os recursos ter\u00e3o que sair dos cofres da Petrobras.<\/p>\n<p>Conforme a decis\u00e3o, a Alumini ter\u00e1 ainda que expedir as guias para o saque do FGTS e solicita\u00e7\u00e3o do seguro-desemprego dos empregados dispensados. De acordo com a proposta apresentada pelo MPT-RJ, os trabalhadores demitidos receber\u00e3o ainda R$ 500 em danos morais individuais. A Alumini e a Petrobras ainda podem recorrer da decis\u00e3o da Justi\u00e7a.<\/p>\n<p>O procurador do trabalho do munic\u00edpio de Niter\u00f3i, Maur\u00edcio Guimar\u00e3es de Carvalho, queria tamb\u00e9m o pagamento, por parte da Alumini e da Petrobras, de danos morais coletivos de R$ 1 milh\u00e3o, mas isso n\u00e3o foi aceito pelo juiz.<\/p>\n<p>Fonte: Monitor Mercantil<\/p>\n","protected":false},"excerpt":{"rendered":"<p>A Alumini Engenharia, respons\u00e1vel pela contrata\u00e7\u00e3o de oper\u00e1rios do Complexo Petroqu\u00edmico do Rio de Janeiro (Comperj), localizado em Itabora\u00ed, Leste fluminense, ter\u00e1 que pagar R$&#8230;<\/p>\n","protected":false},"author":1182,"featured_media":4139,"comment_status":"closed","ping_status":"closed","sticky":false,"template":"","format":"standard","meta":{"footnotes":""},"categories":[6],"tags":[],"class_list":["post-10519","post","type-post","status-publish","format-standard","has-post-thumbnail","hentry","category-noticias"],"_links":{"self":[{"href":"https:\/\/www.sincomam.org.br\/index.php\/wp-json\/wp\/v2\/posts\/10519","targetHints":{"allow":["GET"]}}],"collection":[{"href":"https:\/\/www.sincomam.org.br\/index.php\/wp-json\/wp\/v2\/posts"}],"about":[{"href":"https:\/\/www.sincomam.org.br\/index.php\/wp-json\/wp\/v2\/types\/post"}],"author":[{"embeddable":true,"href":"https:\/\/www.sincomam.org.br\/index.php\/wp-json\/wp\/v2\/users\/1182"}],"replies":[{"embeddable":true,"href":"https:\/\/www.sincomam.org.br\/index.php\/wp-json\/wp\/v2\/comments?post=10519"}],"version-history":[{"count":1,"href":"https:\/\/www.sincomam.org.br\/index.php\/wp-json\/wp\/v2\/posts\/10519\/revisions"}],"predecessor-version":[{"id":10520,"href":"https:\/\/www.sincomam.org.br\/index.php\/wp-json\/wp\/v2\/posts\/10519\/revisions\/10520"}],"wp:featuredmedia":[{"embeddable":true,"href":"https:\/\/www.sincomam.org.br\/index.php\/wp-json\/wp\/v2\/media\/4139"}],"wp:attachment":[{"href":"https:\/\/www.sincomam.org.br\/index.php\/wp-json\/wp\/v2\/media?parent=10519"}],"wp:term":[{"taxonomy":"category","embeddable":true,"href":"https:\/\/www.sincomam.org.br\/index.php\/wp-json\/wp\/v2\/categories?post=10519"},{"taxonomy":"post_tag","embeddable":true,"href":"https:\/\/www.sincomam.org.br\/index.php\/wp-json\/wp\/v2\/tags?post=10519"}],"curies":[{"name":"wp","href":"https:\/\/api.w.org\/{rel}","templated":true}]}}