{"id":10505,"date":"2015-02-06T14:06:29","date_gmt":"2015-02-06T16:06:29","guid":{"rendered":"http:\/\/www.sincomam.org.br\/?p=10505"},"modified":"2015-02-09T00:25:01","modified_gmt":"2015-02-09T02:25:01","slug":"almirante-de-esquadra-leal-ferreira-assume-o-comando-da-marinha-em-brasilia","status":"publish","type":"post","link":"https:\/\/www.sincomam.org.br\/index.php\/almirante-de-esquadra-leal-ferreira-assume-o-comando-da-marinha-em-brasilia\/","title":{"rendered":"Almirante-de-Esquadra Leal Ferreira assume o Comando da Marinha em Bras\u00edlia"},"content":{"rendered":"<p><strong><em>Com mais de 40 anos de carreira, o Almirante-de-Esquadra Eduardo Barcellar Leal Ferreira j\u00e1 recebeu diversas condecora\u00e7\u00f5es e desempenhou importantes fun\u00e7\u00f5es de lideran\u00e7a<\/em><\/strong><\/p>\n<p>O Almirante-de-Esquadra Eduardo Barcellar Leal Ferreira, assumiu, nesta sexta-feira (6), o Comando da Marinha do Brasil (MB). Na cerim\u00f4nia, realizada no Grupamento de Fuzileiros Navais de Bras\u00edlia, Leal Ferreira destacou a import\u00e2ncia da Marinha para a aproxima\u00e7\u00e3o e coopera\u00e7\u00e3o com as demais na\u00e7\u00f5es.<\/p>\n<p>Durante a leitura da Ordem do Dia, o novo Comandante da Marinha afirmou que n\u00e3o far\u00e1 mudan\u00e7as de imediato. &#8220;Assumo o tim\u00e3o encontrando uma Marinha organizada, com rumos bem tra\u00e7ados. N\u00e3o h\u00e1 necessidade, e este \u00e9 o momento de asseverar-lhes, de mudan\u00e7as no regime de m\u00e1quinas ou guinadas fortes. Assim, permanecem em vigor todas as ordens emanadas de meu antecessor!&#8221;, disse.<\/p>\n<p>O Almirante Leal Ferreira, que permaneceu embarcado por mais de 16 anos e acumulou cerca de 1.300 dias de mar, toma posse de um dos mais importantes postos da Marinha. Ele substitui o Almirante-de-Esquadra Julio Soares de Moura Neto, que conseguiu ao decorrer de sua gest\u00e3o (per\u00edodo de 2007 a 2014) realizar diversos projetos de obten\u00e7\u00e3o de navios, submarinos e moderniza\u00e7\u00e3o de equipamentos, visando aprimorar os trabalhos desenvolvidos pela Marinha brasileira.<\/p>\n<p><strong>O evento<\/strong><\/p>\n<p><strong>\u00a0<\/strong>O SINCOMAM esteve em Bras\u00edlia para cobertura especial do evento. Nossa equipe de reportagem acompanhou toda a movimenta\u00e7\u00e3o da cerim\u00f4nia e registrou os principais momentos.<\/p>\n<p>Da entrada do local at\u00e9 o posto principal do evento, \u00a0militares foram posicionados para indicar o ponto de concentra\u00e7\u00e3o dos convidados. Duas rampas permitiam o acesso \u00e0 celebra\u00e7\u00e3o do novo Comandante.\u00a0<\/p>\n<p>\u00c0s margens do Lago Parano\u00e1, havia embarca\u00e7\u00f5es e a banda da Marinha, que guarneciam o espa\u00e7o da cerim\u00f4nia de posse, iniciada com a chegada do Ministro da Defesa Jaques Wagner e do antigo Comandante Moura Neto. Entre discursos e substitui\u00e7\u00e3o das bandeiras dos Almirantes Moura Neto e Leal Ferreira, ocorreu uma salva de tiros de canh\u00e3o.<\/p>\n<p>O evento contou com a participa\u00e7\u00e3o de diversas autoridades nacionais e internacionais, al\u00e9m dos Ministros de Estado, Ministros do Supremo Tribunal Federal, \u00a0membros do Alto-Comando, familiares, entre outros.\u00a0<\/p>\n<p>A mat\u00e9ria completa sobre o novo Comandante da Marinha voc\u00ea confere na pr\u00f3xima edi\u00e7\u00e3o da revista SINCOMAM, que \u00e9 distribu\u00edda em todo o Brasil e est\u00e1 dispon\u00edvel na vers\u00e3o digital no site: <a href=\"https:\/\/www.sincomam.org.br\">www.sincomam.org.br<\/a>.<\/p>\n<p>Margarida Putti \/ SINCOMAM<\/p>\n","protected":false},"excerpt":{"rendered":"<p>Com mais de 40 anos de carreira, o Almirante-de-Esquadra Eduardo Barcellar Leal Ferreira j\u00e1 recebeu diversas condecora\u00e7\u00f5es e desempenhou importantes fun\u00e7\u00f5es de lideran\u00e7a O Almirante-de-Esquadra&#8230;<\/p>\n","protected":false},"author":1182,"featured_media":10534,"comment_status":"closed","ping_status":"closed","sticky":false,"template":"","format":"standard","meta":{"footnotes":""},"categories":[6],"tags":[],"class_list":["post-10505","post","type-post","status-publish","format-standard","has-post-thumbnail","hentry","category-noticias"],"_links":{"self":[{"href":"https:\/\/www.sincomam.org.br\/index.php\/wp-json\/wp\/v2\/posts\/10505","targetHints":{"allow":["GET"]}}],"collection":[{"href":"https:\/\/www.sincomam.org.br\/index.php\/wp-json\/wp\/v2\/posts"}],"about":[{"href":"https:\/\/www.sincomam.org.br\/index.php\/wp-json\/wp\/v2\/types\/post"}],"author":[{"embeddable":true,"href":"https:\/\/www.sincomam.org.br\/index.php\/wp-json\/wp\/v2\/users\/1182"}],"replies":[{"embeddable":true,"href":"https:\/\/www.sincomam.org.br\/index.php\/wp-json\/wp\/v2\/comments?post=10505"}],"version-history":[{"count":6,"href":"https:\/\/www.sincomam.org.br\/index.php\/wp-json\/wp\/v2\/posts\/10505\/revisions"}],"predecessor-version":[{"id":10514,"href":"https:\/\/www.sincomam.org.br\/index.php\/wp-json\/wp\/v2\/posts\/10505\/revisions\/10514"}],"wp:featuredmedia":[{"embeddable":true,"href":"https:\/\/www.sincomam.org.br\/index.php\/wp-json\/wp\/v2\/media\/10534"}],"wp:attachment":[{"href":"https:\/\/www.sincomam.org.br\/index.php\/wp-json\/wp\/v2\/media?parent=10505"}],"wp:term":[{"taxonomy":"category","embeddable":true,"href":"https:\/\/www.sincomam.org.br\/index.php\/wp-json\/wp\/v2\/categories?post=10505"},{"taxonomy":"post_tag","embeddable":true,"href":"https:\/\/www.sincomam.org.br\/index.php\/wp-json\/wp\/v2\/tags?post=10505"}],"curies":[{"name":"wp","href":"https:\/\/api.w.org\/{rel}","templated":true}]}}