{"id":10484,"date":"2015-02-06T08:00:49","date_gmt":"2015-02-06T10:00:49","guid":{"rendered":"http:\/\/www.sincomam.org.br\/?p=10484"},"modified":"2015-02-05T14:28:23","modified_gmt":"2015-02-05T16:28:23","slug":"crescem-chances-de-aditivo-entre-petrobras-e-braskem","status":"publish","type":"post","link":"https:\/\/www.sincomam.org.br\/index.php\/crescem-chances-de-aditivo-entre-petrobras-e-braskem\/","title":{"rendered":"Crescem chances de aditivo entre Petrobras e Braskem"},"content":{"rendered":"<p>\u00c9 grande a probabilidade da defini\u00e7\u00e3o quanto ao custo do fornecimento de nafta (principal mat\u00e9ria-prima do setor petroqu\u00edmico) da Petrobras para a Braskem estender-se al\u00e9m de fevereiro. O presidente da Braskem, Carlos Fadigas, admite que, dentro do cen\u00e1rio atual, um novo aditivo no acordo \u00e9 uma op\u00e7\u00e3o concreta.<\/p>\n<p>\u201cSe voc\u00ea n\u00e3o tem um contrato, esse (aditivo) sempre \u00e9 uma possibilidade, a forma pode ser qualquer uma e acho que \u00e9 um momento dif\u00edcil de se discutir algo definitivo com a Petrobras\u201d, afirma Fadigas. No final de agosto de 2014, a Braskem assinou com a estatal um aditivo ao contrato de nafta com vig\u00eancia at\u00e9 o fim deste m\u00eas de fevereiro. As condi\u00e7\u00f5es daquela ocasi\u00e3o foram mantidas e o pre\u00e7o ser\u00e1 ajustado retroativamente a 1 de setembro de 2014, quando da assinatura do novo acerto. At\u00e9 agora, as empresas, que n\u00e3o revelam os n\u00fameros debatidos, n\u00e3o chegaram a uma indica\u00e7\u00e3o final sobre o valor da nafta.<\/p>\n<p>Fadigas admite que a confirma\u00e7\u00e3o da sa\u00edda da presidente Gra\u00e7a Foster e de cinco diretores da Petrobras ir\u00e1 impactar todas iniciativas importantes que a estatal est\u00e1 fazendo. \u201c\u00c9 natural que, em uma troca de administra\u00e7\u00e3o, os assuntos mais relevantes, e esse (a nafta) \u00e9 um assunto relevante, entrem em compasso de espera e isto soma-se \u00e0 nossa preocupa\u00e7\u00e3o\u201d, comenta. O executivo acrescenta que \u00e9 pouco o tempo para resolver o tema, sem contar que no m\u00eas haver\u00e1 o feriado de Carnaval. \u201cO fundamental \u00e9 que n\u00e3o pare (a cadeia petroqu\u00edmica)\u201d, frisa Fadigas.<\/p>\n<p>O presidente da Associa\u00e7\u00e3o Brasileira da Ind\u00fastria do Pl\u00e1stico (Abiplast), Jos\u00e9 Ricardo Roriz Coelho, tamb\u00e9m n\u00e3o descarta que ocorra uma nova prorroga\u00e7\u00e3o do acordo vigente, pois a Petrobras atravessa um per\u00edodo delicado que pode atrapalhar a tomada de decis\u00e3o. O dirigente defende que deve prevalecer o bom-senso nesse tipo de negocia\u00e7\u00e3o, que, para Roriz, seria o alinhamento dos pre\u00e7os das mat\u00e9rias-primas nacionais com as internacionais. O integrante da Abiplast adverte que se a Petrobras decidir por elevar o valor da nafta ser\u00e1 \u201co caminho mais curto para destruir a cadeia produtiva do pl\u00e1stico\u201d.<\/p>\n<p>\u201cO mundo inteiro hoje est\u00e1 tendo acesso a mat\u00e9rias-primas muito mais baratas, o petr\u00f3leo est\u00e1 com metade do pre\u00e7o do que era h\u00e1 um ano\u201d, frisa. Roriz acrescenta que os grupos estrangeiros, tendo disponibilidade de insumos mais vantajosos, causar\u00e3o um impacto enorme com a entrada de seus produtos no Brasil. \u201cV\u00e3o tomar o nosso mercado e fazer com que a situa\u00e7\u00e3o fique mais cr\u00edtica do que est\u00e1\u201d, teme o dirigente. Roriz ressalta que o Pa\u00eds j\u00e1 verifica problemas de competitividade devido a fatores como juros e carga tribut\u00e1ria elevados, burocracia, falta de \u00e1gua, aumento no custo da energia, entre outros, o que deixa a na\u00e7\u00e3o vulner\u00e1vel.<\/p>\n<p>Fadigas esteve na tarde de ontem em Porto Alegre fazendo uma visita de cortesia ao governador Jos\u00e9 Ivo Sartori. O dirigente e executivos da Braskem foram recebidos, por cerca de uma hora e vinte minutos, na ala residencial do Pal\u00e1cio Piratini.<\/p>\n<p>Fonte: Jornal do Commercio (POA)\/Jefferson Klein<\/p>\n","protected":false},"excerpt":{"rendered":"<p>\u00c9 grande a probabilidade da defini\u00e7\u00e3o quanto ao custo do fornecimento de nafta (principal mat\u00e9ria-prima do setor petroqu\u00edmico) da Petrobras para a Braskem estender-se al\u00e9m&#8230;<\/p>\n","protected":false},"author":1182,"featured_media":8449,"comment_status":"closed","ping_status":"closed","sticky":false,"template":"","format":"standard","meta":{"footnotes":""},"categories":[6],"tags":[],"class_list":["post-10484","post","type-post","status-publish","format-standard","has-post-thumbnail","hentry","category-noticias"],"_links":{"self":[{"href":"https:\/\/www.sincomam.org.br\/index.php\/wp-json\/wp\/v2\/posts\/10484","targetHints":{"allow":["GET"]}}],"collection":[{"href":"https:\/\/www.sincomam.org.br\/index.php\/wp-json\/wp\/v2\/posts"}],"about":[{"href":"https:\/\/www.sincomam.org.br\/index.php\/wp-json\/wp\/v2\/types\/post"}],"author":[{"embeddable":true,"href":"https:\/\/www.sincomam.org.br\/index.php\/wp-json\/wp\/v2\/users\/1182"}],"replies":[{"embeddable":true,"href":"https:\/\/www.sincomam.org.br\/index.php\/wp-json\/wp\/v2\/comments?post=10484"}],"version-history":[{"count":1,"href":"https:\/\/www.sincomam.org.br\/index.php\/wp-json\/wp\/v2\/posts\/10484\/revisions"}],"predecessor-version":[{"id":10485,"href":"https:\/\/www.sincomam.org.br\/index.php\/wp-json\/wp\/v2\/posts\/10484\/revisions\/10485"}],"wp:featuredmedia":[{"embeddable":true,"href":"https:\/\/www.sincomam.org.br\/index.php\/wp-json\/wp\/v2\/media\/8449"}],"wp:attachment":[{"href":"https:\/\/www.sincomam.org.br\/index.php\/wp-json\/wp\/v2\/media?parent=10484"}],"wp:term":[{"taxonomy":"category","embeddable":true,"href":"https:\/\/www.sincomam.org.br\/index.php\/wp-json\/wp\/v2\/categories?post=10484"},{"taxonomy":"post_tag","embeddable":true,"href":"https:\/\/www.sincomam.org.br\/index.php\/wp-json\/wp\/v2\/tags?post=10484"}],"curies":[{"name":"wp","href":"https:\/\/api.w.org\/{rel}","templated":true}]}}