{"id":10469,"date":"2015-02-05T09:05:46","date_gmt":"2015-02-05T11:05:46","guid":{"rendered":"http:\/\/www.sincomam.org.br\/?p=10469"},"modified":"2015-02-05T09:05:46","modified_gmt":"2015-02-05T11:05:46","slug":"eike-batista-e-familia-tem-bens-bloqueados-pela-justica-federal-do-rio","status":"publish","type":"post","link":"https:\/\/www.sincomam.org.br\/index.php\/eike-batista-e-familia-tem-bens-bloqueados-pela-justica-federal-do-rio\/","title":{"rendered":"Eike Batista e fam\u00edlia t\u00eam bens bloqueados pela Justi\u00e7a Federal do Rio"},"content":{"rendered":"<p><strong><em>Ordem determina o bloqueio de R$ 1,5 bilh\u00e3o, al\u00e9m de barco e aeronaves<\/em><\/strong><\/p>\n<p>O juiz federal Fl\u00e1vio Roberto de Souza ordenou na noite desta quarta-feira o bloqueio de bens do empres\u00e1rio Eike Batista, de seus dois filhos mais velhos, de sua ex-mulher Luma de Oliveira e da m\u00e3e de seu terceiro filho, Fl\u00e1via Sampaio. A ordem determina o bloqueio de R$ 1,5 bilh\u00e3o de Eike, Thor, Olin, Luma e Fl\u00e1via.<\/p>\n<p>O juiz tamb\u00e9m ordenou o bloqueio de um barco e de aeronaves do empres\u00e1rio, fundador das empresas x, e requereu informa\u00e7\u00f5es de suas contas banc\u00e1rias.<\/p>\n<p>De acordo com o documento judicial, os dois filhos mais velhos de Eike, al\u00e9m de Luma e Fl\u00e1via, foram beneficiados com doa\u00e7\u00f5es do empres\u00e1rio. A assessoria de imprensa da Justi\u00e7a Federal no Rio n\u00e3o comentou o caso. Os advogados de Eike foram procurados pela Bloomberg, mas n\u00e3o responderam ao contato.<\/p>\n<p>No final de janeiro, Eike Batista renunciou aos cargos de presidente e membro do Conselho de Administra\u00e7\u00e3o da OGPar, controladora da OGX, que est\u00e1 em recupera\u00e7\u00e3o judicial. A sa\u00edda do empres\u00e1rio foi oficialmente tratada como um movimento esperado.<\/p>\n<p>Eike \u00e9 r\u00e9u em a\u00e7\u00e3o penal no Rio acusado pelos crimes de manipula\u00e7\u00e3o de mercado e uso de informa\u00e7\u00e3o privilegiada (insider trading). O processo de julgamento do empres\u00e1rio teve in\u00edcio em novembro de 2014, quando foi realizada a primeira audi\u00eancia. H\u00e1 outras a\u00e7\u00f5es contra o criador do Grupo X, iniciadas em S\u00e3o Paulo, pelos crimes de insider tranding, falsidade ideol\u00f3gica, indu\u00e7\u00e3o do investidor ao erro e quadrilha ou bando.<\/p>\n<p><strong>Bens bloqueados tamb\u00e9m em 2014<\/strong><\/p>\n<p>Em 2012, Eike Batista figurava como o maior bilion\u00e1rio do pa\u00eds, com patrim\u00f4nio avaliado em R$ 30,26 bilh\u00f5es, segundo ranking da \u201cForbes Brasil\u201d. Com o agravamento da crise em suas empresas, ele deixou de fazer parte das listas de maiores bilion\u00e1rios do planeta.<\/p>\n<p>No ano passado, ele teve bens bloqueados duas vezes. Na primeira vez, no in\u00edcio do ano, o pedido era de at\u00e9 R$ 122 milh\u00f5es. Em setembro, em nova opera\u00e7\u00e3o, o objetivo era bloquear R$ 1,5 bilh\u00e3o, mas s\u00f3 foram arrestados R$ 117 milh\u00f5es, que estavam depositados em deb\u00eantures (t\u00edtulos de d\u00edvida). O empres\u00e1rio afirmou em entrevista ao GLOBO, na ocasi\u00e3o, que tinha patrim\u00f4nio negativo de US$ 1 bilh\u00e3o.<\/p>\n<p>Fonte: O Globo<\/p>\n","protected":false},"excerpt":{"rendered":"<p>Ordem determina o bloqueio de R$ 1,5 bilh\u00e3o, al\u00e9m de barco e aeronaves O juiz federal Fl\u00e1vio Roberto de Souza ordenou na noite desta quarta-feira&#8230;<\/p>\n","protected":false},"author":1182,"featured_media":3712,"comment_status":"closed","ping_status":"closed","sticky":false,"template":"","format":"standard","meta":{"footnotes":""},"categories":[6],"tags":[1130,1611,500,1610,1612,229],"class_list":["post-10469","post","type-post","status-publish","format-standard","has-post-thumbnail","hentry","category-noticias","tag-bens","tag-bloqueados","tag-eike-batista","tag-familia","tag-justica-federal","tag-rio"],"_links":{"self":[{"href":"https:\/\/www.sincomam.org.br\/index.php\/wp-json\/wp\/v2\/posts\/10469","targetHints":{"allow":["GET"]}}],"collection":[{"href":"https:\/\/www.sincomam.org.br\/index.php\/wp-json\/wp\/v2\/posts"}],"about":[{"href":"https:\/\/www.sincomam.org.br\/index.php\/wp-json\/wp\/v2\/types\/post"}],"author":[{"embeddable":true,"href":"https:\/\/www.sincomam.org.br\/index.php\/wp-json\/wp\/v2\/users\/1182"}],"replies":[{"embeddable":true,"href":"https:\/\/www.sincomam.org.br\/index.php\/wp-json\/wp\/v2\/comments?post=10469"}],"version-history":[{"count":1,"href":"https:\/\/www.sincomam.org.br\/index.php\/wp-json\/wp\/v2\/posts\/10469\/revisions"}],"predecessor-version":[{"id":10470,"href":"https:\/\/www.sincomam.org.br\/index.php\/wp-json\/wp\/v2\/posts\/10469\/revisions\/10470"}],"wp:featuredmedia":[{"embeddable":true,"href":"https:\/\/www.sincomam.org.br\/index.php\/wp-json\/wp\/v2\/media\/3712"}],"wp:attachment":[{"href":"https:\/\/www.sincomam.org.br\/index.php\/wp-json\/wp\/v2\/media?parent=10469"}],"wp:term":[{"taxonomy":"category","embeddable":true,"href":"https:\/\/www.sincomam.org.br\/index.php\/wp-json\/wp\/v2\/categories?post=10469"},{"taxonomy":"post_tag","embeddable":true,"href":"https:\/\/www.sincomam.org.br\/index.php\/wp-json\/wp\/v2\/tags?post=10469"}],"curies":[{"name":"wp","href":"https:\/\/api.w.org\/{rel}","templated":true}]}}