{"id":10466,"date":"2015-02-05T08:42:21","date_gmt":"2015-02-05T10:42:21","guid":{"rendered":"http:\/\/www.sincomam.org.br\/?p=10466"},"modified":"2015-02-05T08:42:43","modified_gmt":"2015-02-05T10:42:43","slug":"levy-deve-apontar-novo-presidente-da-petrobras-veja-nomes","status":"publish","type":"post","link":"https:\/\/www.sincomam.org.br\/index.php\/levy-deve-apontar-novo-presidente-da-petrobras-veja-nomes\/","title":{"rendered":"Levy deve apontar novo presidente da Petrobras; veja nomes"},"content":{"rendered":"<p><strong><em>Ministro da Fazenda ser\u00e1 consultado na escolha do principal cargo da Petrobras. Nome deve ser anunciado nos pr\u00f3ximos dias<\/em><\/strong><\/p>\n<p>A sa\u00edda repentina da presidente Gra\u00e7a Foster do comando da Petrobras pressionou o governo para definir o sucessor diante da pior crise da hist\u00f3ria da estatal. Segundo o jornal O Globo, caber\u00e1 ao ministro da Fazenda, Joaquim Levy, comandar a escolha do novo presidente da estatal. De acordo com fontes do governo citadas pelo jornal, o ministro do Planejamento, Nelson Barbosa; o presidente do Banco Central; Alexandre Tombini; e o ministro da Casa Civil, Alo\u00edzio Mercadante, v\u00e3o ajudar Levy na miss\u00e3o.<\/p>\n<p>Na lista de candidatos est\u00e3o nomes j\u00e1 bem conhecidos no cen\u00e1rio nacional, como o presidente da Vale, Murilo Ferreira, o ex-presidente do Banco Central Henrique Meirelles e o ex-funcion\u00e1rio da Petrobras Rodolfo Landim. O bom relacionamento de Murilo Ferreira com a presidente Dilma o credenciam para o cargo, mas esse pode ser um motivo que o coloque longe da vaga tamb\u00e9m, j\u00e1 que a proximidade de Gra\u00e7a Foster com a presidente, segundo analistas, dificultou uma decis\u00e3o mais objetiva da presidente na hora da demiss\u00e3o.<\/p>\n<p>Outros nomes que surgiram foram o da ex-secret\u00e1ria da Fazenda do munic\u00edpio do Rio de Janeiro Eduarda La Rocque e o ex-presidente da Vae e ex-integrante do conselho da Petrobras Roger Agnelli. O nome de Agnelli, por\u00e9m, corre por fora pelo fato de ele ter apoiado A\u00e9cio Neves (PSDB) na \u00faltima disputa eleitoral.<\/p>\n<p>Fonte: Terra<\/p>\n","protected":false},"excerpt":{"rendered":"<p>Ministro da Fazenda ser\u00e1 consultado na escolha do principal cargo da Petrobras. Nome deve ser anunciado nos pr\u00f3ximos dias A sa\u00edda repentina da presidente Gra\u00e7a&#8230;<\/p>\n","protected":false},"author":1182,"featured_media":10467,"comment_status":"closed","ping_status":"closed","sticky":false,"template":"","format":"standard","meta":{"footnotes":""},"categories":[6],"tags":[],"class_list":["post-10466","post","type-post","status-publish","format-standard","has-post-thumbnail","hentry","category-noticias"],"_links":{"self":[{"href":"https:\/\/www.sincomam.org.br\/index.php\/wp-json\/wp\/v2\/posts\/10466","targetHints":{"allow":["GET"]}}],"collection":[{"href":"https:\/\/www.sincomam.org.br\/index.php\/wp-json\/wp\/v2\/posts"}],"about":[{"href":"https:\/\/www.sincomam.org.br\/index.php\/wp-json\/wp\/v2\/types\/post"}],"author":[{"embeddable":true,"href":"https:\/\/www.sincomam.org.br\/index.php\/wp-json\/wp\/v2\/users\/1182"}],"replies":[{"embeddable":true,"href":"https:\/\/www.sincomam.org.br\/index.php\/wp-json\/wp\/v2\/comments?post=10466"}],"version-history":[{"count":1,"href":"https:\/\/www.sincomam.org.br\/index.php\/wp-json\/wp\/v2\/posts\/10466\/revisions"}],"predecessor-version":[{"id":10468,"href":"https:\/\/www.sincomam.org.br\/index.php\/wp-json\/wp\/v2\/posts\/10466\/revisions\/10468"}],"wp:featuredmedia":[{"embeddable":true,"href":"https:\/\/www.sincomam.org.br\/index.php\/wp-json\/wp\/v2\/media\/10467"}],"wp:attachment":[{"href":"https:\/\/www.sincomam.org.br\/index.php\/wp-json\/wp\/v2\/media?parent=10466"}],"wp:term":[{"taxonomy":"category","embeddable":true,"href":"https:\/\/www.sincomam.org.br\/index.php\/wp-json\/wp\/v2\/categories?post=10466"},{"taxonomy":"post_tag","embeddable":true,"href":"https:\/\/www.sincomam.org.br\/index.php\/wp-json\/wp\/v2\/tags?post=10466"}],"curies":[{"name":"wp","href":"https:\/\/api.w.org\/{rel}","templated":true}]}}