{"id":10464,"date":"2015-02-05T08:36:19","date_gmt":"2015-02-05T10:36:19","guid":{"rendered":"http:\/\/www.sincomam.org.br\/?p=10464"},"modified":"2015-02-05T08:36:19","modified_gmt":"2015-02-05T10:36:19","slug":"operacao-lava-jato-policia-federal-cumpre-62-mandados-em-sp-rio-ba-e-sc","status":"publish","type":"post","link":"https:\/\/www.sincomam.org.br\/index.php\/operacao-lava-jato-policia-federal-cumpre-62-mandados-em-sp-rio-ba-e-sc\/","title":{"rendered":"Opera\u00e7\u00e3o Lava Jato: Pol\u00edcia Federal cumpre 62 mandados em SP, Rio, BA e SC"},"content":{"rendered":"<p><strong><em>Nona etapa da opera\u00e7\u00e3o investiga desvios de verba na Petrobras<\/em><\/strong><\/p>\n<p>A Pol\u00edcia Federal deflagrou na madrugada desta quinta-feira a nona etapa da Opera\u00e7\u00e3o Lava-Jato e cumpre nos estados de S\u00e3o Paulo, Rio de Janeiro, Bahia e Santa Catarina 62 mandados: no total, s\u00e3o um de pris\u00e3o preventiva, tr\u00eas tempor\u00e1rias, 18 de condu\u00e7\u00f5es coercitivas, quando a pessoa \u00e9 conduzida at\u00e9 a delegacia para prestar depoimento, e 40 de busca e apreens\u00e3o. Eles s\u00e3o acusados de corrup\u00e7\u00e3o ativa, lavagem de dinheiro, organiza\u00e7\u00e3o criminosa e fraude em licita\u00e7\u00e3o na investiga\u00e7\u00e3o que apura desvio de verbas na Petrobras. A a\u00e7\u00e3o, que acontece ap\u00f3s an\u00e1lise de documentos e contratos apreendidos, conta com 200 policiais e 25 servidores da Receita, tem como alvos centrais operadores do esquema respons\u00e1veis por pagamentos.<\/p>\n<p>A Opera\u00e7\u00e3o Lava-Jato foi deflagrada em 17 de mar\u00e7o pela Pol\u00edcia Federal (PF) para investigar um suposto esquema de lavagem de dinheiro e evas\u00e3o de divisas. Na \u00e9poca, foram presas 24 pessoas, entre elas o doleiro Alberto Youssef. Os detidos foram acusados de participar de uma organiza\u00e7\u00e3o criminosa que tinha o objetivo de lavar R$ 10 bilh\u00f5es oriundos de desvio de dinheiro p\u00fablico, tr\u00e1fico de drogas e contrabando de pedras preciosas.<\/p>\n<p>A opera\u00e7\u00e3o foi consequ\u00eancia da pris\u00e3o do empres\u00e1rio Andr\u00e9 Santos, em dezembro de 2013, com US$ 289 mil e R$ 13.950 escondido nas meias. Santos \u00e9 r\u00e9u em a\u00e7\u00e3o na qual \u00e9 acusado de fazer parte do bra\u00e7o financeiro de uma quadrilha de libaneses especializada em contrabandear produtos do Paraguai, operando um esquema de lavagem.<\/p>\n<p>A opera\u00e7\u00e3o colocou sob suspeita contratos assinados pela Petrobras. Isso porque o ex-diretor da estatal Paulo Roberto Costa foi preso, no dia 20 de mar\u00e7o, sob acusa\u00e7\u00e3o de envolvimento com o doleiro Youssef. Costa, que foi detido quando queimava documentos que poderiam se configurar como provas do envolvimento, reconheceu ter recebido de Youssef um carro de luxo. Ele alegou, no entanto, que o presente seria o pagamento por uma consultoria prestada.<\/p>\n<p>Empreiteiras suspeitas de abastecer o esquema de Youssef e do ex-diretor da Petrobras declararam \u00e0 Receita Federal os pagamentos feitos a empresas dos dois principais acusados na Opera\u00e7\u00e3o Lava-Jato. Documentos comprovaram repasses efetivos de recursos \u00e0s empresas do doleiro e do ex-diretor, como consta nas declara\u00e7\u00f5es de reten\u00e7\u00e3o de impostos das pr\u00f3prias empreiteiras. Entre as depositantes est\u00e3o as construtoras OAS, Mendes J\u00fanior e Camargo Corr\u00eaa, apontadas pela contadora do doleiro Meire Bonfim Poza como integrantes do esquema.<\/p>\n<p>O esc\u00e2ndalo do doleiro Youssef respingou ainda sobre o ex-ministro da Sa\u00fade Alexandre Padilha (PT-SP) e levou Andr\u00e9 Vargas a se desfiliar do partido para manter o mandato de deputado federal. Vargas \u00e9 suspeito de fazer parte de um esquema de tr\u00e1fico de influ\u00eancia e lobby em favor de Youssef junto ao Minist\u00e9rio da Sa\u00fade. Vargas usou um jato providenciado pelo doleiro para fazer uma viagem familiar e teria se beneficiado de uma s\u00e9rie de outros favores.<\/p>\n<p>Fonte: O Globo \/ Jailton de Carvalho<\/p>\n","protected":false},"excerpt":{"rendered":"<p>Nona etapa da opera\u00e7\u00e3o investiga desvios de verba na Petrobras A Pol\u00edcia Federal deflagrou na madrugada desta quinta-feira a nona etapa da Opera\u00e7\u00e3o Lava-Jato e&#8230;<\/p>\n","protected":false},"author":1182,"featured_media":4983,"comment_status":"closed","ping_status":"closed","sticky":false,"template":"","format":"standard","meta":{"footnotes":""},"categories":[6],"tags":[1608,1323,1493,1609,377,58,491,740],"class_list":["post-10464","post","type-post","status-publish","format-standard","has-post-thumbnail","hentry","category-noticias","tag-cumprimento","tag-federal","tag-lava-jato","tag-mandatos","tag-operacao","tag-petrobras","tag-policia","tag-prisao"],"_links":{"self":[{"href":"https:\/\/www.sincomam.org.br\/index.php\/wp-json\/wp\/v2\/posts\/10464","targetHints":{"allow":["GET"]}}],"collection":[{"href":"https:\/\/www.sincomam.org.br\/index.php\/wp-json\/wp\/v2\/posts"}],"about":[{"href":"https:\/\/www.sincomam.org.br\/index.php\/wp-json\/wp\/v2\/types\/post"}],"author":[{"embeddable":true,"href":"https:\/\/www.sincomam.org.br\/index.php\/wp-json\/wp\/v2\/users\/1182"}],"replies":[{"embeddable":true,"href":"https:\/\/www.sincomam.org.br\/index.php\/wp-json\/wp\/v2\/comments?post=10464"}],"version-history":[{"count":1,"href":"https:\/\/www.sincomam.org.br\/index.php\/wp-json\/wp\/v2\/posts\/10464\/revisions"}],"predecessor-version":[{"id":10465,"href":"https:\/\/www.sincomam.org.br\/index.php\/wp-json\/wp\/v2\/posts\/10464\/revisions\/10465"}],"wp:featuredmedia":[{"embeddable":true,"href":"https:\/\/www.sincomam.org.br\/index.php\/wp-json\/wp\/v2\/media\/4983"}],"wp:attachment":[{"href":"https:\/\/www.sincomam.org.br\/index.php\/wp-json\/wp\/v2\/media?parent=10464"}],"wp:term":[{"taxonomy":"category","embeddable":true,"href":"https:\/\/www.sincomam.org.br\/index.php\/wp-json\/wp\/v2\/categories?post=10464"},{"taxonomy":"post_tag","embeddable":true,"href":"https:\/\/www.sincomam.org.br\/index.php\/wp-json\/wp\/v2\/tags?post=10464"}],"curies":[{"name":"wp","href":"https:\/\/api.w.org\/{rel}","templated":true}]}}