{"id":10449,"date":"2015-02-04T09:14:40","date_gmt":"2015-02-04T11:14:40","guid":{"rendered":"http:\/\/www.sincomam.org.br\/?p=10449"},"modified":"2015-02-04T09:14:40","modified_gmt":"2015-02-04T11:14:40","slug":"porto-do-acu-sera-concluido-em-abril","status":"publish","type":"post","link":"https:\/\/www.sincomam.org.br\/index.php\/porto-do-acu-sera-concluido-em-abril\/","title":{"rendered":"Porto do A\u00e7u ser\u00e1 conclu\u00eddo em abril"},"content":{"rendered":"<p><strong><em>Ap\u00f3s sete anos, o mega complexo portu\u00e1rio entra em fase final<\/em><\/strong><\/p>\n<p>O Porto do A\u00e7u, projeto de R$3,9 bilh\u00f5es de reais e que demorou sete anos para ser conclu\u00eddo, recebe agora os retoques finais. A estrutura portu\u00e1ria b\u00e1sica, que fica em S\u00e3o Jo\u00e3o da Barra, no Rio de Janeiro, deve ficar pronta at\u00e9 abril. No final de 2014 os dois terminais portu\u00e1rios foram inaugurados e realizaram o primeiro embarque de min\u00e9rio e a primeira opera\u00e7\u00e3o comercial.<\/p>\n<p>Mesmo ap\u00f3s sete anos, transformar a \u00e1rea de 90km\u00b2 num complexo industrial \u00e9 uma tarefa cheia de desafios. Segundo a Prumo Log\u00edstica, dona do projeto, seis mil pessoas trabalham no porto ou em algumas das empresas instaladas no local. Essas nove empresas j\u00e1 investiram cerca de R$ 2 bilh\u00f5es no porto. Ainda assim \u00e9 preciso atrair investimentos, j\u00e1 que apenas 10% do A\u00e7u est\u00e1 ocupado.<\/p>\n<p>Segundo Blair Thomas, presidente da EIG Global Energy Partners, que comprou o A\u00e7u em 2013, o porto tem localiza\u00e7\u00e3o privilegiada e ser\u00e1 o \u201chub\u201d log\u00edstico do pr\u00e9-sal. Por\u00e9m o prazo de desenvolvimento do pr\u00e9-sal pode se alongar, atrasando os planos da Prumo de ter um fluxo de caixa positivo em dois anos.<\/p>\n<p>Para o presidente da Prumo, Eduardo Parente, \u00e9 importante atrair novas empresas o quanto antes para ter mais contratos e facilitar a negocia\u00e7\u00e3o para alongar a d\u00edvida com o BNDES (Banco Nacional de Desenvolvimento Econ\u00f4mico e Social). A empresa conseguiu R$2,8 bilh\u00f5es dos quais deve receber ainda R$500 milh\u00f5es.<\/p>\n<p>Fonte: Guia Mar\u00edtimo<\/p>\n","protected":false},"excerpt":{"rendered":"<p>Ap\u00f3s sete anos, o mega complexo portu\u00e1rio entra em fase final O Porto do A\u00e7u, projeto de R$3,9 bilh\u00f5es de reais e que demorou sete&#8230;<\/p>\n","protected":false},"author":1182,"featured_media":5691,"comment_status":"closed","ping_status":"closed","sticky":false,"template":"","format":"standard","meta":{"footnotes":""},"categories":[6],"tags":[],"class_list":["post-10449","post","type-post","status-publish","format-standard","has-post-thumbnail","hentry","category-noticias"],"_links":{"self":[{"href":"https:\/\/www.sincomam.org.br\/index.php\/wp-json\/wp\/v2\/posts\/10449","targetHints":{"allow":["GET"]}}],"collection":[{"href":"https:\/\/www.sincomam.org.br\/index.php\/wp-json\/wp\/v2\/posts"}],"about":[{"href":"https:\/\/www.sincomam.org.br\/index.php\/wp-json\/wp\/v2\/types\/post"}],"author":[{"embeddable":true,"href":"https:\/\/www.sincomam.org.br\/index.php\/wp-json\/wp\/v2\/users\/1182"}],"replies":[{"embeddable":true,"href":"https:\/\/www.sincomam.org.br\/index.php\/wp-json\/wp\/v2\/comments?post=10449"}],"version-history":[{"count":1,"href":"https:\/\/www.sincomam.org.br\/index.php\/wp-json\/wp\/v2\/posts\/10449\/revisions"}],"predecessor-version":[{"id":10450,"href":"https:\/\/www.sincomam.org.br\/index.php\/wp-json\/wp\/v2\/posts\/10449\/revisions\/10450"}],"wp:featuredmedia":[{"embeddable":true,"href":"https:\/\/www.sincomam.org.br\/index.php\/wp-json\/wp\/v2\/media\/5691"}],"wp:attachment":[{"href":"https:\/\/www.sincomam.org.br\/index.php\/wp-json\/wp\/v2\/media?parent=10449"}],"wp:term":[{"taxonomy":"category","embeddable":true,"href":"https:\/\/www.sincomam.org.br\/index.php\/wp-json\/wp\/v2\/categories?post=10449"},{"taxonomy":"post_tag","embeddable":true,"href":"https:\/\/www.sincomam.org.br\/index.php\/wp-json\/wp\/v2\/tags?post=10449"}],"curies":[{"name":"wp","href":"https:\/\/api.w.org\/{rel}","templated":true}]}}