{"id":10436,"date":"2015-02-04T08:53:32","date_gmt":"2015-02-04T10:53:32","guid":{"rendered":"http:\/\/www.sincomam.org.br\/?p=10436"},"modified":"2015-02-04T08:53:32","modified_gmt":"2015-02-04T10:53:32","slug":"renan-quer-sergio-machado-na-transpetro","status":"publish","type":"post","link":"https:\/\/www.sincomam.org.br\/index.php\/renan-quer-sergio-machado-na-transpetro\/","title":{"rendered":"Renan quer S\u00e9rgio Machado na Transpetro"},"content":{"rendered":"<p><span>Reeleito \u00e0 presid\u00eancia do Senado e considerado pelo Planalto um contraponto ao novo presidente da C\u00e2mara, Eduardo Cunha &#8211; desafeto da presidente Dilma Rousseff -, Renan Calheiros tem demandas a fazer ao governo. <\/p>\n<p>Uma delas \u00e9 a recondu\u00e7\u00e3o de S\u00e9rgio Machado \u00e0 presid\u00eancia da Transpetro, cargo que seu aliado ocupou de 2003 a novembro do ano passado. Ele foi afastado depois que um dos delatores do esquema de corrup\u00e7\u00e3o na Petrobras o apontou como um dos envolvidos nos desvios. Por press\u00e3o pol\u00edtica, o conselho de administra\u00e7\u00e3o da estatal j\u00e1 prorrogou tr\u00eas vezes a licen\u00e7a de S\u00e9rgio Machado.<\/span><\/p>\n<p><span>Fonte: Valor Econ\u00f4mico\/Andr\u00e9a Jub\u00e9 | De Bras\u00edlia<\/span><\/p>\n","protected":false},"excerpt":{"rendered":"<p>Reeleito \u00e0 presid\u00eancia do Senado e considerado pelo Planalto um contraponto ao novo presidente da C\u00e2mara, Eduardo Cunha &#8211; desafeto da presidente Dilma Rousseff -,&#8230;<\/p>\n","protected":false},"author":1182,"featured_media":8459,"comment_status":"closed","ping_status":"closed","sticky":false,"template":"","format":"standard","meta":{"footnotes":""},"categories":[6],"tags":[],"class_list":["post-10436","post","type-post","status-publish","format-standard","has-post-thumbnail","hentry","category-noticias"],"_links":{"self":[{"href":"https:\/\/www.sincomam.org.br\/index.php\/wp-json\/wp\/v2\/posts\/10436","targetHints":{"allow":["GET"]}}],"collection":[{"href":"https:\/\/www.sincomam.org.br\/index.php\/wp-json\/wp\/v2\/posts"}],"about":[{"href":"https:\/\/www.sincomam.org.br\/index.php\/wp-json\/wp\/v2\/types\/post"}],"author":[{"embeddable":true,"href":"https:\/\/www.sincomam.org.br\/index.php\/wp-json\/wp\/v2\/users\/1182"}],"replies":[{"embeddable":true,"href":"https:\/\/www.sincomam.org.br\/index.php\/wp-json\/wp\/v2\/comments?post=10436"}],"version-history":[{"count":1,"href":"https:\/\/www.sincomam.org.br\/index.php\/wp-json\/wp\/v2\/posts\/10436\/revisions"}],"predecessor-version":[{"id":10437,"href":"https:\/\/www.sincomam.org.br\/index.php\/wp-json\/wp\/v2\/posts\/10436\/revisions\/10437"}],"wp:featuredmedia":[{"embeddable":true,"href":"https:\/\/www.sincomam.org.br\/index.php\/wp-json\/wp\/v2\/media\/8459"}],"wp:attachment":[{"href":"https:\/\/www.sincomam.org.br\/index.php\/wp-json\/wp\/v2\/media?parent=10436"}],"wp:term":[{"taxonomy":"category","embeddable":true,"href":"https:\/\/www.sincomam.org.br\/index.php\/wp-json\/wp\/v2\/categories?post=10436"},{"taxonomy":"post_tag","embeddable":true,"href":"https:\/\/www.sincomam.org.br\/index.php\/wp-json\/wp\/v2\/tags?post=10436"}],"curies":[{"name":"wp","href":"https:\/\/api.w.org\/{rel}","templated":true}]}}