{"id":10430,"date":"2015-02-03T13:04:35","date_gmt":"2015-02-03T15:04:35","guid":{"rendered":"http:\/\/www.sincomam.org.br\/?p=10430"},"modified":"2015-02-03T15:05:10","modified_gmt":"2015-02-03T17:05:10","slug":"falta-de-chuva-faz-hidrovia-tiete-parana-permanecer-fechada-pelo-oitavo-mes","status":"publish","type":"post","link":"https:\/\/www.sincomam.org.br\/index.php\/falta-de-chuva-faz-hidrovia-tiete-parana-permanecer-fechada-pelo-oitavo-mes\/","title":{"rendered":"Falta de chuva faz hidrovia Tiet\u00ea-Paran\u00e1 permanecer fechada pelo oitavo m\u00eas"},"content":{"rendered":"<p>Janeiro foi mais um m\u00eas que terminou com chuva abaixo da m\u00e9dia nas bacias do rio Paran\u00e1 e do rio Tiet\u00ea, condi\u00e7\u00e3o que mant\u00e9m fechada a hidrovia Tiet\u00ea-Paran\u00e1, importante meio de transporte para o escoamento de gr\u00e3os das regi\u00f5es Sul, Sudeste e Centro-Oeste. Desde maio a hidrovia est\u00e1 fechada, por causa da estiagem, que fez o n\u00edvel dos rios baixar al\u00e9m da cota limite para a navega\u00e7\u00e3o.<\/p>\n<p>A hidrovia Tiet\u00ea-Paran\u00e1 transporta por ano cerca de 8 milh\u00f5es de toneladas de carga, somente de soja s\u00e3o em torno de 2,5 milh\u00f5es de toneladas\/ano. H\u00e1 oito meses fechada, a principal consequ\u00eancia foi sentida no bolso do produtor rural, que viu o frete subir entre 10% e 12%.<\/p>\n<p>De acordo com informa\u00e7\u00f5es da Somar Meteorologia, nos \u00faltimos 30 dias choveu em torno de 50mm nas bacias do Tiet\u00ea e do Paran\u00e1, sendo que o normal seria um acumulado de chuva acima de 200mm. A hidrovia possui 12 terminais portu\u00e1rios, que far\u00e3o ainda mais falta a partir de agora, com o avan\u00e7o da colheita de soja em importantes estados produtores, como Minas Gerais, Goi\u00e1s, Mato Grosso, Mato Grosso do Sul, Tocantins e Rond\u00f4nia.<\/p>\n<p> Para as pr\u00f3ximas tr\u00eas semanas a situa\u00e7\u00e3o n\u00e3o deve se normalizar. H\u00e1 previs\u00e3o de chuva no leito desses rios, mas os volumes de \u00e1gua ser\u00e3o baixos. Nos pr\u00f3ximos cinco dias pode chover at\u00e9 70mm, mas de maneira localizada, atingindo uma regi\u00e3o e outra n\u00e3o. J\u00e1 entre os dias 7 e 16 de fevereiro o volume acumulado n\u00e3o vai passar de 60mm.<\/p>\n<p>Fonte:Maxpress<\/p>\n","protected":false},"excerpt":{"rendered":"<p>Janeiro foi mais um m\u00eas que terminou com chuva abaixo da m\u00e9dia nas bacias do rio Paran\u00e1 e do rio Tiet\u00ea, condi\u00e7\u00e3o que mant\u00e9m fechada&#8230;<\/p>\n","protected":false},"author":1182,"featured_media":9590,"comment_status":"closed","ping_status":"closed","sticky":false,"template":"","format":"standard","meta":{"footnotes":""},"categories":[6],"tags":[],"class_list":["post-10430","post","type-post","status-publish","format-standard","has-post-thumbnail","hentry","category-noticias"],"_links":{"self":[{"href":"https:\/\/www.sincomam.org.br\/index.php\/wp-json\/wp\/v2\/posts\/10430","targetHints":{"allow":["GET"]}}],"collection":[{"href":"https:\/\/www.sincomam.org.br\/index.php\/wp-json\/wp\/v2\/posts"}],"about":[{"href":"https:\/\/www.sincomam.org.br\/index.php\/wp-json\/wp\/v2\/types\/post"}],"author":[{"embeddable":true,"href":"https:\/\/www.sincomam.org.br\/index.php\/wp-json\/wp\/v2\/users\/1182"}],"replies":[{"embeddable":true,"href":"https:\/\/www.sincomam.org.br\/index.php\/wp-json\/wp\/v2\/comments?post=10430"}],"version-history":[{"count":1,"href":"https:\/\/www.sincomam.org.br\/index.php\/wp-json\/wp\/v2\/posts\/10430\/revisions"}],"predecessor-version":[{"id":10431,"href":"https:\/\/www.sincomam.org.br\/index.php\/wp-json\/wp\/v2\/posts\/10430\/revisions\/10431"}],"wp:featuredmedia":[{"embeddable":true,"href":"https:\/\/www.sincomam.org.br\/index.php\/wp-json\/wp\/v2\/media\/9590"}],"wp:attachment":[{"href":"https:\/\/www.sincomam.org.br\/index.php\/wp-json\/wp\/v2\/media?parent=10430"}],"wp:term":[{"taxonomy":"category","embeddable":true,"href":"https:\/\/www.sincomam.org.br\/index.php\/wp-json\/wp\/v2\/categories?post=10430"},{"taxonomy":"post_tag","embeddable":true,"href":"https:\/\/www.sincomam.org.br\/index.php\/wp-json\/wp\/v2\/tags?post=10430"}],"curies":[{"name":"wp","href":"https:\/\/api.w.org\/{rel}","templated":true}]}}