{"id":10413,"date":"2015-02-03T12:00:37","date_gmt":"2015-02-03T14:00:37","guid":{"rendered":"http:\/\/www.sincomam.org.br\/?p=10413"},"modified":"2015-02-03T13:37:16","modified_gmt":"2015-02-03T15:37:16","slug":"reservatorios-de-hidreletricas-so-garantem-energia-por-um-mes-diz-especialista","status":"publish","type":"post","link":"https:\/\/www.sincomam.org.br\/index.php\/reservatorios-de-hidreletricas-so-garantem-energia-por-um-mes-diz-especialista\/","title":{"rendered":"Reservat\u00f3rios de hidrel\u00e9tricas s\u00f3 garantem energia por um m\u00eas, diz especialista"},"content":{"rendered":"<p><strong><em>Para Luiz Pinguelli Rosa, diretor da Coppe\/UFRJ, racionamento ser\u00e1 inveit\u00e1vel<\/em><\/strong><\/p>\n<p>Luiz Pinguelli Rosa, diretor da Coppe\/UFRJ, disse nesta segunda-feira (2) que os reservat\u00f3rios das hidrel\u00e9tricas do Sudeste s\u00f3 t\u00eam \u00e1gua armazenada suficiente para um m\u00eas de gera\u00e7\u00e3o de energia. Ele afirmou, ap\u00f3s o semin\u00e1rio: &#8220;A crise h\u00eddrica e a gera\u00e7\u00e3o de energia el\u00e9trica\u201d, promovido pela pr\u00f3pria Coppe, que a situa\u00e7\u00e3o \u00e9 pior que antes do racionamento de 2001.<\/p>\n<p>\u2014 Acredito que n\u00e3o teremos como escapar do racionamento \u2014 disse ele, que se encontrar\u00e1 com o ministro de Minas e Energia, Eduardo Braga, no dia 9.<\/p>\n<p>Pinguelli disse ainda que as medidas de racionaliza\u00e7\u00e3o do consumo, que o governo vai anunciar neste m\u00eas, vieram tarde e ainda s\u00e3o modestas. Ele afirma que o governo precisava criar mecanismos para que os desperd\u00edcios fossem evitados, mas lembrou que \u00e9 dif\u00edcil atingir as fam\u00edlias de alta renda. Ele acredita que a pol\u00edtica de bandeiras tarif\u00e1rias, que pode elevar a conta de luz em momento de muito uso de termel\u00e9tricas, como agora, \u00e9 um caminho a ser visto. E tamb\u00e9m defendeu que se crie um limite para a temperatura de aparelhos de ar-condicionado: quanto mais frio o ambiente, mais se gasta com energia.<\/p>\n<p>\u2014 O Jap\u00e3o tem um limite destes. O governo poderia fiscalizar em com\u00e9rcios, ind\u00fastria e institui\u00e7\u00f5es p\u00fablicas \u2014 disse ele, ap\u00f3s o evento que debateu a crise do setor.<\/p>\n<p>Roberto D\u2019Araujo, presidente do Instituto de Desenvolvimento Estrat\u00e9gico do Setor El\u00e9trico (Ilumina) afirma que as medidas de redu\u00e7\u00e3o de consumo que o governo deve propor vieram tarde. Mas ele acredita que o com\u00e9rcio pode contribuir muito com a racionaliza\u00e7\u00e3o de energia:<\/p>\n<p>\u2014 A maior parte das lojas de shopping usa l\u00e2mpadas dicroicas, que consomem muito e ainda esquentam o ambiente. Se a loja utilizar l\u00e2mpadas de LED, por exemplo, o que se gasta atualmente com uma dicroica ilumina toda a loja, mas o LED \u00e9 caro, o governo tem que, ao menos, tirar o imposto destas l\u00e2mpadas.<\/p>\n<p>Fonte: O Globo \/ Henrique Gomes Batista<\/p>\n","protected":false},"excerpt":{"rendered":"<p>Para Luiz Pinguelli Rosa, diretor da Coppe\/UFRJ, racionamento ser\u00e1 inveit\u00e1vel Luiz Pinguelli Rosa, diretor da Coppe\/UFRJ, disse nesta segunda-feira (2) que os reservat\u00f3rios das hidrel\u00e9tricas&#8230;<\/p>\n","protected":false},"author":1182,"featured_media":7595,"comment_status":"closed","ping_status":"closed","sticky":false,"template":"","format":"standard","meta":{"footnotes":""},"categories":[6],"tags":[],"class_list":["post-10413","post","type-post","status-publish","format-standard","has-post-thumbnail","hentry","category-noticias"],"_links":{"self":[{"href":"https:\/\/www.sincomam.org.br\/index.php\/wp-json\/wp\/v2\/posts\/10413","targetHints":{"allow":["GET"]}}],"collection":[{"href":"https:\/\/www.sincomam.org.br\/index.php\/wp-json\/wp\/v2\/posts"}],"about":[{"href":"https:\/\/www.sincomam.org.br\/index.php\/wp-json\/wp\/v2\/types\/post"}],"author":[{"embeddable":true,"href":"https:\/\/www.sincomam.org.br\/index.php\/wp-json\/wp\/v2\/users\/1182"}],"replies":[{"embeddable":true,"href":"https:\/\/www.sincomam.org.br\/index.php\/wp-json\/wp\/v2\/comments?post=10413"}],"version-history":[{"count":1,"href":"https:\/\/www.sincomam.org.br\/index.php\/wp-json\/wp\/v2\/posts\/10413\/revisions"}],"predecessor-version":[{"id":10414,"href":"https:\/\/www.sincomam.org.br\/index.php\/wp-json\/wp\/v2\/posts\/10413\/revisions\/10414"}],"wp:featuredmedia":[{"embeddable":true,"href":"https:\/\/www.sincomam.org.br\/index.php\/wp-json\/wp\/v2\/media\/7595"}],"wp:attachment":[{"href":"https:\/\/www.sincomam.org.br\/index.php\/wp-json\/wp\/v2\/media?parent=10413"}],"wp:term":[{"taxonomy":"category","embeddable":true,"href":"https:\/\/www.sincomam.org.br\/index.php\/wp-json\/wp\/v2\/categories?post=10413"},{"taxonomy":"post_tag","embeddable":true,"href":"https:\/\/www.sincomam.org.br\/index.php\/wp-json\/wp\/v2\/tags?post=10413"}],"curies":[{"name":"wp","href":"https:\/\/api.w.org\/{rel}","templated":true}]}}