{"id":10396,"date":"2015-02-02T10:32:51","date_gmt":"2015-02-02T12:32:51","guid":{"rendered":"http:\/\/www.sincomam.org.br\/?p=10396"},"modified":"2015-02-02T10:32:51","modified_gmt":"2015-02-02T12:32:51","slug":"governo-assina-decreto-da-nova-poligonal-da-vila-do-conde-pa-2","status":"publish","type":"post","link":"https:\/\/www.sincomam.org.br\/index.php\/governo-assina-decreto-da-nova-poligonal-da-vila-do-conde-pa-2\/","title":{"rendered":"Governo assina decreto da nova poligonal da Vila do Conde (PA)"},"content":{"rendered":"<p>Decreto publicado na edi\u00e7\u00e3o da \u00faltima quinta-feira (29), do Di\u00e1rio Oficial da Uni\u00e3o atualiza as regras sobre a nova Poligonal do Porto Organizado da Vila do Conde (PA).<\/p>\n<p> Elaborado pela Secretaria de Portos (SEP\/PR) ap\u00f3s consulta p\u00fablica, o novo desenho permite mais investimentos privados, instala\u00e7\u00e3o de novos terminais e expans\u00e3o dos terminais j\u00e1 existentes.<\/p>\n<p> A \u00e1rea foi delimitada a partir dos instrumentos que formam o conjunto do planejamento do setor portu\u00e1rio nacional: o Plano de Desenvolvimento e Zoneamento (PDZ) e Planos Diretores Estrat\u00e9gicos (Master Plan) de cada porto e o Plano Nacional de Log\u00edstica Portu\u00e1ria (PNLP).<\/p>\n<p> O desenho da poligonal apresentado pela SEP\/PR passou por discuss\u00e3o com a administra\u00e7\u00e3o portu\u00e1ria e levou em conta as caracter\u00edsticas e o ambiente de atua\u00e7\u00e3o do porto, considerando as \u00e1reas usadas em suas opera\u00e7\u00f5es e suas necessidades de expans\u00e3o a partir dos levantamentos de demanda e oferta contidos nos instrumentos de planejamento, de forma a atender ao disposto no Par\u00e1grafo \u00danico do Art. 15 da Lei dos Portos.<\/p>\n<p> Nele, est\u00e1 estabelecido que os limites devem levar em considera\u00e7\u00e3o os acessos mar\u00edtimos e terrestres, os ganhos de efici\u00eancia e competitividade e as instala\u00e7\u00f5es portu\u00e1rias j\u00e1 existentes.<\/p>\n<p> O ministro de Portos, Edinho Ara\u00fajo, comemorou a assinatura do decreto pela presidenta Dilma Rousseff e afirmou que \u201ca nova poligonal vai garantir novo investimentos no Par\u00e1 e a gera\u00e7\u00e3o de emprego e renda.\u201d<\/p>\n<p> O Porto de Vila do Conde est\u00e1 localizado \u00e0 margem direita do rio Par\u00e1, na regi\u00e3o chamada de Ponta Grossa, a cerca de 3,3 km do munic\u00edpio de Vila do Conde. O local fica em frente \u00e0 ba\u00eda do Maraj\u00f3, formada pela conflu\u00eancia do escoadouro natural da navega\u00e7\u00e3o dos rios Tocantins, Guam\u00e1 e Capim, com amplo acesso mar\u00edtimo e fluvial.<\/p>\n<p> Fonte: Secretaria de Portos do Brasil<\/p>\n","protected":false},"excerpt":{"rendered":"<p>Decreto publicado na edi\u00e7\u00e3o da \u00faltima quinta-feira (29), do Di\u00e1rio Oficial da Uni\u00e3o atualiza as regras sobre a nova Poligonal do Porto Organizado da Vila&#8230;<\/p>\n","protected":false},"author":1182,"featured_media":6537,"comment_status":"closed","ping_status":"closed","sticky":false,"template":"","format":"standard","meta":{"footnotes":""},"categories":[6],"tags":[],"class_list":["post-10396","post","type-post","status-publish","format-standard","has-post-thumbnail","hentry","category-noticias"],"_links":{"self":[{"href":"https:\/\/www.sincomam.org.br\/index.php\/wp-json\/wp\/v2\/posts\/10396","targetHints":{"allow":["GET"]}}],"collection":[{"href":"https:\/\/www.sincomam.org.br\/index.php\/wp-json\/wp\/v2\/posts"}],"about":[{"href":"https:\/\/www.sincomam.org.br\/index.php\/wp-json\/wp\/v2\/types\/post"}],"author":[{"embeddable":true,"href":"https:\/\/www.sincomam.org.br\/index.php\/wp-json\/wp\/v2\/users\/1182"}],"replies":[{"embeddable":true,"href":"https:\/\/www.sincomam.org.br\/index.php\/wp-json\/wp\/v2\/comments?post=10396"}],"version-history":[{"count":1,"href":"https:\/\/www.sincomam.org.br\/index.php\/wp-json\/wp\/v2\/posts\/10396\/revisions"}],"predecessor-version":[{"id":10397,"href":"https:\/\/www.sincomam.org.br\/index.php\/wp-json\/wp\/v2\/posts\/10396\/revisions\/10397"}],"wp:featuredmedia":[{"embeddable":true,"href":"https:\/\/www.sincomam.org.br\/index.php\/wp-json\/wp\/v2\/media\/6537"}],"wp:attachment":[{"href":"https:\/\/www.sincomam.org.br\/index.php\/wp-json\/wp\/v2\/media?parent=10396"}],"wp:term":[{"taxonomy":"category","embeddable":true,"href":"https:\/\/www.sincomam.org.br\/index.php\/wp-json\/wp\/v2\/categories?post=10396"},{"taxonomy":"post_tag","embeddable":true,"href":"https:\/\/www.sincomam.org.br\/index.php\/wp-json\/wp\/v2\/tags?post=10396"}],"curies":[{"name":"wp","href":"https:\/\/api.w.org\/{rel}","templated":true}]}}