{"id":10390,"date":"2015-02-02T10:18:58","date_gmt":"2015-02-02T12:18:58","guid":{"rendered":"http:\/\/www.sincomam.org.br\/?p=10390"},"modified":"2015-02-02T10:18:58","modified_gmt":"2015-02-02T12:18:58","slug":"brasil-e-japao-querem-desenvolver-industria-naval","status":"publish","type":"post","link":"https:\/\/www.sincomam.org.br\/index.php\/brasil-e-japao-querem-desenvolver-industria-naval\/","title":{"rendered":"Brasil e Jap\u00e3o querem desenvolver ind\u00fastria naval"},"content":{"rendered":"<p>Atualmente, Brasil e Jap\u00e3o mant\u00eam colabora\u00e7\u00e3o para capacitar quarenta profissionais brasileiros com t\u00e9cnicos navais japoneses.<\/p>\n<p>Al\u00e9m disso, o Minist\u00e9rio do Desenvolvimento, Ind\u00fastria e Com\u00e9rcio Exterior (Mdic) e o Minist\u00e9rio de Terra, Infraestrutura, Transporte e Turismo japon\u00eas estabeleceram entendimento para troca de informa\u00e7\u00f5es sobre pol\u00edticas e regulamenta\u00e7\u00f5es relacionadas \u00e0 tecnologia naval de plataformas, navios e sistemas de transporte mar\u00edtimo.<\/p>\n<p>O memorando entre os dois Minist\u00e9rios, firmado em 2012, prev\u00ea ainda a colabora\u00e7\u00e3o, no prazo de cinco anos, para a realiza\u00e7\u00e3o de atividades entre ag\u00eancias governamentais, institutos de pesquisa e empresas privadas do setor de ambos os pa\u00edses.<\/p>\n<p>\u00a0\u201cNo Brasil, estamos em uma curva de aprendizagem visando alcan\u00e7ar o n\u00edvel da produtividade da ind\u00fastria naval japonesa. Temos um longo caminho a percorrer que deve ser trilhado em parceria com o Jap\u00e3o\u201d, disse na \u00faltima quinta-feira (29) o ministro do Desenvolvimento, Ind\u00fastria e Com\u00e9rcio Exterior, Armando Monteiro Neto, ao embaixador japon\u00eas no Brasil, Kunio Umeda, em audi\u00eancia.<\/p>\n<p>\u201cO ressurgimento da ind\u00fastria naval brasileira conta com esta parceria n\u00e3o apenas porque as empresas japonesas est\u00e3o presentes em nosso pa\u00eds de longa data, mas tamb\u00e9m por reconhecer a compet\u00eancia do Jap\u00e3o no setor naval\u201d, acrescentou o ministro.<\/p>\n<p><strong>Ag\u00eancia Brasileira de Desenvolvimento Industrial<\/strong><\/p>\n<p>O ministro do Desenvolvimento, Ind\u00fastria e Com\u00e9rcio Exterior, Armando Monteiro Neto, foi eleito presidente do Conselho Deliberativo da Ag\u00eancia Brasileira de Desenvolvimento Industrial (ABDI).<\/p>\n<p>A escolha de Monteiro Neto ocorreu durante a 1\u00aa Reuni\u00e3o Extraordin\u00e1ria do colegiado, realizada na \u00faltima quinta-feira (29), na sede da entidade.<\/p>\n<p>Na ocasi\u00e3o, tamb\u00e9m foi dada posse aos novos conselheiros e aprovada a designa\u00e7\u00e3o da diretora Maria Luisa Campos Machado Leal para a presid\u00eancia interina da ABDI. De acordo com a proposta apresentada pelo ministro, o Conselho realizar\u00e1 quatro reuni\u00f5es ordin\u00e1rias ao longo de 2015.<\/p>\n<p>&nbsp;<\/p>\n<p>Ao abrir a reuni\u00e3o, j\u00e1 na condi\u00e7\u00e3o de presidente do colegiado, o ministro saudou os novos conselheiros e lembrou a import\u00e2ncia do papel da ABDI na constru\u00e7\u00e3o e na articula\u00e7\u00e3o da pol\u00edtica industrial brasileira.<\/p>\n<p>\u201cEu fui contempor\u00e2neo da proposta de cria\u00e7\u00e3o da ABDI, no in\u00edcio da d\u00e9cada passada. A Ag\u00eancia \u00e9 extremamente estrat\u00e9gica para mantermos e ampliarmos a interlocu\u00e7\u00e3o do governo com o setor produtivo e para reinaugurarmos uma agenda ampla e multidirecional voltada para a competitividade da ind\u00fastria brasileira\u201d, refor\u00e7ou Monteiro Neto.<\/p>\n<p>O ministro afirmou, ainda, que revitalizar\u00e1 o Conselho Nacional de Desenvolvimento Industrial (CNDI), f\u00f3rum criado em 2004 pelo minist\u00e9rio para manter a interlocu\u00e7\u00e3o entre o governo e o setor produtivo na condu\u00e7\u00e3o dos temas de interesse da ind\u00fastria.<\/p>\n<p>\u201cNa minha gest\u00e3o, volto a refor\u00e7ar a disposi\u00e7\u00e3o de valorizar e ampliar o papel da ABDI como entidade org\u00e2nica e forte e, al\u00e9m disso, relan\u00e7ar o CNDI, como forma de colocar a pol\u00edtica industrial no centro da agenda de prioridades do governo brasileiro. Sem ind\u00fastria forte, n\u00e3o temos pa\u00eds forte\u201d, enfatizou Monteiro.<\/p>\n<p>O ministro tamb\u00e9m lembrou que em sua primeira reuni\u00e3o com os ministros de Estado, realizada no dia 28 de janeiro, a presidente Dilma Roussef adiantou que ir\u00e1 lan\u00e7ar o Plano Nacional de Exporta\u00e7\u00e3o, \u201cfruto de um trabalho t\u00e9cnico coordenado pelo Minist\u00e9rio do Desenvolvimento, desde o in\u00edcio da atual gest\u00e3o\u201d, disse.<\/p>\n<p>Conhe\u00e7a os novos membros do Conselho Deliberativo da ABDI:<\/p>\n<p>\u00a0\u00a0\u00a0 Armando Monteiro Neto \u2013 titular e presidente eleito do Conselho<\/p>\n<p>\u00a0\u00a0\u00a0 Ivan Ramalho \u2013 suplente do MDIC<\/p>\n<p>\u00a0\u00a0\u00a0 Fernanda De Negri \u2013 titular do Ipea<\/p>\n<p>Fonte: Minist\u00e9rio do Desenvolvimento, Ind\u00fastria e Com\u00e9rcio Exterior<\/p>\n","protected":false},"excerpt":{"rendered":"<p>Atualmente, Brasil e Jap\u00e3o mant\u00eam colabora\u00e7\u00e3o para capacitar quarenta profissionais brasileiros com t\u00e9cnicos navais japoneses. Al\u00e9m disso, o Minist\u00e9rio do Desenvolvimento, Ind\u00fastria e Com\u00e9rcio Exterior&#8230;<\/p>\n","protected":false},"author":1182,"featured_media":3239,"comment_status":"closed","ping_status":"closed","sticky":false,"template":"","format":"standard","meta":{"footnotes":""},"categories":[6],"tags":[],"class_list":["post-10390","post","type-post","status-publish","format-standard","has-post-thumbnail","hentry","category-noticias"],"_links":{"self":[{"href":"https:\/\/www.sincomam.org.br\/index.php\/wp-json\/wp\/v2\/posts\/10390","targetHints":{"allow":["GET"]}}],"collection":[{"href":"https:\/\/www.sincomam.org.br\/index.php\/wp-json\/wp\/v2\/posts"}],"about":[{"href":"https:\/\/www.sincomam.org.br\/index.php\/wp-json\/wp\/v2\/types\/post"}],"author":[{"embeddable":true,"href":"https:\/\/www.sincomam.org.br\/index.php\/wp-json\/wp\/v2\/users\/1182"}],"replies":[{"embeddable":true,"href":"https:\/\/www.sincomam.org.br\/index.php\/wp-json\/wp\/v2\/comments?post=10390"}],"version-history":[{"count":1,"href":"https:\/\/www.sincomam.org.br\/index.php\/wp-json\/wp\/v2\/posts\/10390\/revisions"}],"predecessor-version":[{"id":10391,"href":"https:\/\/www.sincomam.org.br\/index.php\/wp-json\/wp\/v2\/posts\/10390\/revisions\/10391"}],"wp:featuredmedia":[{"embeddable":true,"href":"https:\/\/www.sincomam.org.br\/index.php\/wp-json\/wp\/v2\/media\/3239"}],"wp:attachment":[{"href":"https:\/\/www.sincomam.org.br\/index.php\/wp-json\/wp\/v2\/media?parent=10390"}],"wp:term":[{"taxonomy":"category","embeddable":true,"href":"https:\/\/www.sincomam.org.br\/index.php\/wp-json\/wp\/v2\/categories?post=10390"},{"taxonomy":"post_tag","embeddable":true,"href":"https:\/\/www.sincomam.org.br\/index.php\/wp-json\/wp\/v2\/tags?post=10390"}],"curies":[{"name":"wp","href":"https:\/\/api.w.org\/{rel}","templated":true}]}}