{"id":10386,"date":"2015-02-02T10:07:31","date_gmt":"2015-02-02T12:07:31","guid":{"rendered":"http:\/\/www.sincomam.org.br\/?p=10386"},"modified":"2015-02-02T10:07:31","modified_gmt":"2015-02-02T12:07:31","slug":"petrobras-vai-reduzir-o-ritmo-de-investimentos-em-2016","status":"publish","type":"post","link":"https:\/\/www.sincomam.org.br\/index.php\/petrobras-vai-reduzir-o-ritmo-de-investimentos-em-2016\/","title":{"rendered":"Petrobras vai reduzir o ritmo de investimentos em 2016"},"content":{"rendered":"<p>A Petrobras pretende reduzir investimento e evitar contratar novas d\u00edvidas em 2016, segundo a presidente da companhia, Gra\u00e7a Foster, que participou, ao lado de diretores, de uma teleconfer\u00eancia, na sede da empresa, com investidores e analistas para o detalhamento das demonstra\u00e7\u00f5es cont\u00e1beis do terceiro trimestre de 2014 sem o relat\u00f3rio de revis\u00e3o do auditor externo.<\/p>\n<p>\u201cSe a \u00e1rea de explora\u00e7\u00e3o era priorit\u00e1ria, hoje ela toma uma dimens\u00e3o muito maior. \u00c9 priorit\u00e1ria e seletiva, dentro da pr\u00f3pria \u00e1rea do AIP [Acordos de Individualiza\u00e7\u00e3o da Produ\u00e7\u00e3o]. Projetos de menor atratividade, tamb\u00e9m dentro do AIP, v\u00e3o para o final da fila. Ent\u00e3o 2016 vai estar dentro do PNG [Plano de Neg\u00f3cios e Gest\u00e3o] 2015\/2019, e a ess\u00eancia \u00e9 a revis\u00e3o do crescimento da Petrobras nos pr\u00f3ximos anos\u201d, disse, acrescentando que a empresa precisava refazer a sua carteira de investimentos e isso j\u00e1 est\u00e1 em andamento.<\/p>\n<p>Para a presidente, o objetivo da companhia no PNG 2015\/2019, que, segundo ela, ser\u00e1 divulgado em junho deste ano, \u00e9 a avalia\u00e7\u00e3o do tamanho da Petrobras. \u201cO grande mote do nosso plano 2015\/2019 \u00e9 o redimensionamento da Petrobras, em n\u00edvel da nossa financiabilidade e do que \u00e9 fact\u00edvel objetivamente ser constru\u00eddo no Brasil ou no exterior. Esse \u00e9 o mote\u201d, destacou na entrevista que se seguiu \u00e0 teleconfer\u00eancia.<\/p>\n<p>O diretor de Abastecimento, Jos\u00e9 Carlos Cosenza, informou que tanto a Refinaria de Abreu e Lima, em Pernambuco, quanto o Complexo Petroqu\u00edmico do Rio de Janeiro (Comperj), localizado no leste fluminense, est\u00e3o passando por uma reavalia\u00e7\u00e3o dos contratos. \u201cA Abreu e Lima est\u00e1 em processo semelhante ao Comperj e estamos em fun\u00e7\u00e3o da reavalia\u00e7\u00e3o dos contratos das empresas, inclusive das envolvidas na Opera\u00e7\u00e3o Lava Jato, reestudando\u201d, informou.<\/p>\n<p>J\u00e1 o diretor financeiro e de Rela\u00e7\u00f5es com Investidores, Almir Barbassa, disse que, para a divulga\u00e7\u00e3o do balan\u00e7o anual da empresa de 2014, est\u00e3o sendo considerados os prazos de 120 dias a partir do fim do ano, mais 30 ou 60 dias, dependendo da natureza da d\u00edvida. Segundo ele, a amplia\u00e7\u00e3o do prazo \u00e9 uma possibilidade que qualquer empresa leva em considera\u00e7\u00e3o. \u201cN\u00f3s n\u00e3o descartamos, se enxergamos que \u00e9 necess\u00e1rio. \u00c9 uma das alternativas dispon\u00edveis e que, se n\u00e3o progredirmos como estamos planejamentos dentro dos prazos que temos, sem d\u00favida \u00e9 uma considera\u00e7\u00e3o a ser feita\u201d, disse.<\/p>\n<p><strong>Companhia tentar\u00e1 manter os combust\u00edveis com pre\u00e7os atuais<\/strong><\/p>\n<p>Gra\u00e7a Foster, disse\u00a0 que os pre\u00e7os dos combust\u00edveis no Brasil est\u00e3o acima dos valores do mercado internacional, mas estiveram abaixo durante os \u00faltimos meses e a inten\u00e7\u00e3o \u00e9 manter o patamar atual.<\/p>\n<p>\u201cVou trabalhar intensamente para que a gente mantenha esses pre\u00e7os, porque \u00e9 muito importante para o caixa da companhia. Sabemos que perdemos parte do nosso market share (participa\u00e7\u00e3o no mercado), porque alguma gasolina e diesel v\u00e3o entrar no Brasil atrav\u00e9s de outras distribuidoras, mas, ainda assim, \u00e9 extremamente importante para o caixa da companhia, principalmente nos anos de 2015 e 2016, que a gente tenha essa diferen\u00e7a a favor para o caixa da Petrobras\u201d, explicou Gra\u00e7a Foster em coletiva na sede da empresa, ap\u00f3s participar de teleconfer\u00eancia com investidores e analistas para detalhar as demonstra\u00e7\u00f5es cont\u00e1beis do terceiro trimestre de 2014, sem revis\u00e3o da auditoria externa.<\/p>\n<p>Fonte: Ag\u00eancia Petrobras<\/p>\n","protected":false},"excerpt":{"rendered":"<p>A Petrobras pretende reduzir investimento e evitar contratar novas d\u00edvidas em 2016, segundo a presidente da companhia, Gra\u00e7a Foster, que participou, ao lado de diretores,&#8230;<\/p>\n","protected":false},"author":1182,"featured_media":0,"comment_status":"closed","ping_status":"closed","sticky":false,"template":"","format":"standard","meta":{"footnotes":""},"categories":[6],"tags":[66,58,767],"class_list":["post-10386","post","type-post","status-publish","format-standard","hentry","category-noticias","tag-investimentos","tag-petrobras","tag-reducao"],"_links":{"self":[{"href":"https:\/\/www.sincomam.org.br\/index.php\/wp-json\/wp\/v2\/posts\/10386","targetHints":{"allow":["GET"]}}],"collection":[{"href":"https:\/\/www.sincomam.org.br\/index.php\/wp-json\/wp\/v2\/posts"}],"about":[{"href":"https:\/\/www.sincomam.org.br\/index.php\/wp-json\/wp\/v2\/types\/post"}],"author":[{"embeddable":true,"href":"https:\/\/www.sincomam.org.br\/index.php\/wp-json\/wp\/v2\/users\/1182"}],"replies":[{"embeddable":true,"href":"https:\/\/www.sincomam.org.br\/index.php\/wp-json\/wp\/v2\/comments?post=10386"}],"version-history":[{"count":1,"href":"https:\/\/www.sincomam.org.br\/index.php\/wp-json\/wp\/v2\/posts\/10386\/revisions"}],"predecessor-version":[{"id":10387,"href":"https:\/\/www.sincomam.org.br\/index.php\/wp-json\/wp\/v2\/posts\/10386\/revisions\/10387"}],"wp:attachment":[{"href":"https:\/\/www.sincomam.org.br\/index.php\/wp-json\/wp\/v2\/media?parent=10386"}],"wp:term":[{"taxonomy":"category","embeddable":true,"href":"https:\/\/www.sincomam.org.br\/index.php\/wp-json\/wp\/v2\/categories?post=10386"},{"taxonomy":"post_tag","embeddable":true,"href":"https:\/\/www.sincomam.org.br\/index.php\/wp-json\/wp\/v2\/tags?post=10386"}],"curies":[{"name":"wp","href":"https:\/\/api.w.org\/{rel}","templated":true}]}}