{"id":10373,"date":"2015-01-30T10:49:20","date_gmt":"2015-01-30T12:49:20","guid":{"rendered":"http:\/\/www.sincomam.org.br\/?p=10373"},"modified":"2015-01-30T10:49:20","modified_gmt":"2015-01-30T12:49:20","slug":"porto-de-cabedelo-volta-a-operar-24h","status":"publish","type":"post","link":"https:\/\/www.sincomam.org.br\/index.php\/porto-de-cabedelo-volta-a-operar-24h\/","title":{"rendered":"Porto de Cabedelo volta a operar 24h"},"content":{"rendered":"<p>O Porto de Cabedelo ir\u00e1 voltar a tra\u00e7ar navios 24h. A retomada do servi\u00e7o no per\u00edodo noturno foi um dos resultados da 1\u00aa visita a Bras\u00edlia do novo presidente da Companhia Docas da Para\u00edba, Luc\u00e9lio Cartaxo, acontecida nesta quarta e quinta-feira (29). Em reuni\u00e3o com o diretor de Obras e Servi\u00e7o da Secretaria Executiva de Portos (SEP), Alber Furtado, ficou assegurada a reestrutura\u00e7\u00e3o e amplia\u00e7\u00e3o da sinaliza\u00e7\u00e3o, o que permite o tr\u00e2nsito de navios em qualquer hor\u00e1rio.<\/p>\n<p>Durante a reuni\u00e3o entre o presidente da Docas da Para\u00edba, a vice-presidente, Gilmara Tem\u00f3teo, o chefe de gabinete da presid\u00eancia, Luis Alberto Guedes, do assessor de planejamento do Porto, Alessandro Marques, e os dirigentes da SEP, ficou acordado que ser\u00e1 assinado um Termo de Compromisso entre a Secretaria de Portos, o Governo do Estado e a Companhia Docas, para que a execu\u00e7\u00e3o dos servi\u00e7os seja realizado j\u00e1 nos pr\u00f3ximos meses.<\/p>\n<p>De acordo com Luc\u00e9lio, a retomada da atraca\u00e7\u00e3o 24h amplia significativamente as perspectivas de incremento na receita do Porto, j\u00e1 que, com essa limita\u00e7\u00e3o de hor\u00e1rio, deixou de ser atraente para muitas empresas.<\/p>\n<p>\u201cAl\u00e9m do desinteresse de grandes empresas, est\u00e1vamos impedidos de avan\u00e7ar com projetos importantes, como a inclus\u00e3o da Para\u00edba na rota das temporadas de Cruzeiros Mar\u00edtimos, que cortam a costa do Brasil ano a ano e n\u00e3o incluem o nosso porto por conta de nossas limita\u00e7\u00f5es\u201d, destacou o presidente. A inser\u00e7\u00e3o do Porto de Cabedelo na rota dos grandes passeios mar\u00edtimos foi, inclusive, pauta de uma audi\u00eancia entre Luc\u00e9lio, sua equipe, e o diretor da Embratur, Gilson Lira, que se colocou como \u2018um soldado\u2019 da causa, como j\u00e1 fez em demandas de outros Estados. Al\u00e9m disso, ainda foi discutido com Lira o projeto de constru\u00e7\u00e3o do Terminal de Passageiros no Porto, assunto que ser\u00e1 tratado agora em uma pr\u00f3xima audi\u00eancia, desta vez com o Ministro do Turismo, Vin\u00edcius Nobre.<\/p>\n<p><strong>Agenda extensa &#8211;<\/strong> Os representantes da Companhia ainda mantiveram audi\u00eancia com o secret\u00e1rio de Pol\u00edticas Portu\u00e1rias, F\u00e1bio Lavor, onde foram discutidas quest\u00f5es relacionadas ao Plano Mestre do Porto, documento onde s\u00e3o apontadas a a\u00e7\u00f5es e estrat\u00e9gias para o desenvolvimento do equipamento para as pr\u00f3ximas d\u00e9cadas.<\/p>\n<p>Fonte: PB Agora<\/p>\n","protected":false},"excerpt":{"rendered":"<p>O Porto de Cabedelo ir\u00e1 voltar a tra\u00e7ar navios 24h. A retomada do servi\u00e7o no per\u00edodo noturno foi um dos resultados da 1\u00aa visita a&#8230;<\/p>\n","protected":false},"author":1182,"featured_media":10000,"comment_status":"closed","ping_status":"closed","sticky":false,"template":"","format":"standard","meta":{"footnotes":""},"categories":[6],"tags":[1599,1598,377,80,1077],"class_list":["post-10373","post","type-post","status-publish","format-standard","has-post-thumbnail","hentry","category-noticias","tag-24h","tag-cabedelo","tag-operacao","tag-porto","tag-retorno"],"_links":{"self":[{"href":"https:\/\/www.sincomam.org.br\/index.php\/wp-json\/wp\/v2\/posts\/10373","targetHints":{"allow":["GET"]}}],"collection":[{"href":"https:\/\/www.sincomam.org.br\/index.php\/wp-json\/wp\/v2\/posts"}],"about":[{"href":"https:\/\/www.sincomam.org.br\/index.php\/wp-json\/wp\/v2\/types\/post"}],"author":[{"embeddable":true,"href":"https:\/\/www.sincomam.org.br\/index.php\/wp-json\/wp\/v2\/users\/1182"}],"replies":[{"embeddable":true,"href":"https:\/\/www.sincomam.org.br\/index.php\/wp-json\/wp\/v2\/comments?post=10373"}],"version-history":[{"count":1,"href":"https:\/\/www.sincomam.org.br\/index.php\/wp-json\/wp\/v2\/posts\/10373\/revisions"}],"predecessor-version":[{"id":10374,"href":"https:\/\/www.sincomam.org.br\/index.php\/wp-json\/wp\/v2\/posts\/10373\/revisions\/10374"}],"wp:featuredmedia":[{"embeddable":true,"href":"https:\/\/www.sincomam.org.br\/index.php\/wp-json\/wp\/v2\/media\/10000"}],"wp:attachment":[{"href":"https:\/\/www.sincomam.org.br\/index.php\/wp-json\/wp\/v2\/media?parent=10373"}],"wp:term":[{"taxonomy":"category","embeddable":true,"href":"https:\/\/www.sincomam.org.br\/index.php\/wp-json\/wp\/v2\/categories?post=10373"},{"taxonomy":"post_tag","embeddable":true,"href":"https:\/\/www.sincomam.org.br\/index.php\/wp-json\/wp\/v2\/tags?post=10373"}],"curies":[{"name":"wp","href":"https:\/\/api.w.org\/{rel}","templated":true}]}}