{"id":10369,"date":"2015-01-30T10:43:21","date_gmt":"2015-01-30T12:43:21","guid":{"rendered":"http:\/\/www.sincomam.org.br\/?p=10369"},"modified":"2015-01-30T10:43:21","modified_gmt":"2015-01-30T12:43:21","slug":"educacao-selecionados-no-sisu-podem-fazer-matricula-a-partir-de-hoje","status":"publish","type":"post","link":"https:\/\/www.sincomam.org.br\/index.php\/educacao-selecionados-no-sisu-podem-fazer-matricula-a-partir-de-hoje\/","title":{"rendered":"Educa\u00e7\u00e3o: selecionados no Sisu podem fazer matr\u00edcula a partir de hoje"},"content":{"rendered":"<p><em><strong>Ades\u00e3o \u00e0 lista de espera vai at\u00e9 6 de fevereiro<\/strong><\/em><\/p>\n<p>A partir de hoje (30), os candidatos selecionados no Sistema de Sele\u00e7\u00e3o Unificada (Sisu) devem providenciar a matr\u00edcula nas institui\u00e7\u00f5es de ensino. O prazo vai at\u00e9 ter\u00e7a-feira (3). O candidato dever\u00e1 verificar, na institui\u00e7\u00e3o em que foi aprovado, o local, hor\u00e1rio e os procedimentos para a matr\u00edcula.<\/p>\n<p>O Sisu seleciona estudantes para vagas em institui\u00e7\u00f5es p\u00fablicas de ensino com base na nota do Exame Nacional do Ensino M\u00e9dio (Enem). Nesta edi\u00e7\u00e3o, o Sisu oferece 205.514 vagas em 5.631 cursos, em 128 institui\u00e7\u00f5es. O sistema registrou quase 2,8 milh\u00f5es de inscritos.<\/p>\n<p>Aqueles que n\u00e3o foram selecionados na primeira op\u00e7\u00e3o de curso poder\u00e3o aderir \u00e0 lista de espera do sistema. Para isso, dever\u00e3o acessar o boletim pessoal na p\u00e1gina do Sisu e clicar no bot\u00e3o correspondente \u00e0 participa\u00e7\u00e3o na lista. O prazo de ades\u00e3o vai at\u00e9 6 de fevereiro.<\/p>\n<p>Os selecionados na segunda op\u00e7\u00e3o de curso poder\u00e3o fazer a matr\u00edcula e ainda assim participar da lista de espera para a primeira op\u00e7\u00e3o.<\/p>\n<p>A lista com os selecionados est\u00e1 dispon\u00edvel na p\u00e1gina do programa desde segunda-feira (26). Os candidatos em lista de espera ser\u00e3o convocados pelas institui\u00e7\u00f5es a partir do dia 11.<\/p>\n<p>Fonte: Ag\u00eancia Brasil<\/p>\n","protected":false},"excerpt":{"rendered":"<p>Ades\u00e3o \u00e0 lista de espera vai at\u00e9 6 de fevereiro A partir de hoje (30), os candidatos selecionados no Sistema de Sele\u00e7\u00e3o Unificada (Sisu) devem&#8230;<\/p>\n","protected":false},"author":1182,"featured_media":3546,"comment_status":"closed","ping_status":"closed","sticky":false,"template":"","format":"standard","meta":{"footnotes":""},"categories":[6],"tags":[602,1596,884,99,752,520,1595,1352],"class_list":["post-10369","post","type-post","status-publish","format-standard","has-post-thumbnail","hentry","category-noticias","tag-abertura","tag-adesao","tag-espera","tag-estudantes","tag-inscricao","tag-lista","tag-selecionados","tag-sisu"],"_links":{"self":[{"href":"https:\/\/www.sincomam.org.br\/index.php\/wp-json\/wp\/v2\/posts\/10369","targetHints":{"allow":["GET"]}}],"collection":[{"href":"https:\/\/www.sincomam.org.br\/index.php\/wp-json\/wp\/v2\/posts"}],"about":[{"href":"https:\/\/www.sincomam.org.br\/index.php\/wp-json\/wp\/v2\/types\/post"}],"author":[{"embeddable":true,"href":"https:\/\/www.sincomam.org.br\/index.php\/wp-json\/wp\/v2\/users\/1182"}],"replies":[{"embeddable":true,"href":"https:\/\/www.sincomam.org.br\/index.php\/wp-json\/wp\/v2\/comments?post=10369"}],"version-history":[{"count":1,"href":"https:\/\/www.sincomam.org.br\/index.php\/wp-json\/wp\/v2\/posts\/10369\/revisions"}],"predecessor-version":[{"id":10370,"href":"https:\/\/www.sincomam.org.br\/index.php\/wp-json\/wp\/v2\/posts\/10369\/revisions\/10370"}],"wp:featuredmedia":[{"embeddable":true,"href":"https:\/\/www.sincomam.org.br\/index.php\/wp-json\/wp\/v2\/media\/3546"}],"wp:attachment":[{"href":"https:\/\/www.sincomam.org.br\/index.php\/wp-json\/wp\/v2\/media?parent=10369"}],"wp:term":[{"taxonomy":"category","embeddable":true,"href":"https:\/\/www.sincomam.org.br\/index.php\/wp-json\/wp\/v2\/categories?post=10369"},{"taxonomy":"post_tag","embeddable":true,"href":"https:\/\/www.sincomam.org.br\/index.php\/wp-json\/wp\/v2\/tags?post=10369"}],"curies":[{"name":"wp","href":"https:\/\/api.w.org\/{rel}","templated":true}]}}