{"id":10358,"date":"2015-01-30T10:06:04","date_gmt":"2015-01-30T12:06:04","guid":{"rendered":"http:\/\/www.sincomam.org.br\/?p=10358"},"modified":"2015-01-30T10:06:04","modified_gmt":"2015-01-30T12:06:04","slug":"petrobras-adia-lancamento-de-segunda-unidade-da-refinaria-abreu-e-lima","status":"publish","type":"post","link":"https:\/\/www.sincomam.org.br\/index.php\/petrobras-adia-lancamento-de-segunda-unidade-da-refinaria-abreu-e-lima\/","title":{"rendered":"Petrobras adia lan\u00e7amento de segunda unidade da Refinaria Abreu e Lima"},"content":{"rendered":"<p><strong><em>Empresa tamb\u00e9m reduziu atividades do Comperj e cancelou as refinarias Premium I e Premium II<\/em><\/strong><\/p>\n<p>Ap\u00f3s reduzir as atividades do Comperj e cancelar as refinarias Premium I e Premium II, a Petrobras n\u00e3o tem mais data definida para lan\u00e7ar a segunda unidade da Refinaria Abreu e Lima, a Rnest, em Pernambuco. A previs\u00e3o inicial para o lan\u00e7amento era maio de 2015 com capacidade de processar 115 mil barris por dia.<\/p>\n<p>&#8211; A Rnest est\u00e1 em fun\u00e7\u00e3o da revis\u00e3o dos contratos. E n\u00e3o temos uma data para o segundo trem da Rnest. A baixa das refinarias Premium I e Premium II afeta o resultado de Comperj e Rnest &#8211; disse Jos\u00e9 Carlos Cosenza, diretor de Abastecimento. &#8211; Um dos motivos para o cancelamento das Premium I e Premium II \u00e9 a redu\u00e7ao de mercado que estamos prevendo &#8211; acrescentou.<\/p>\n<p>Ao responder a uma das perguntas de um dos analistas, a presidente da Petrobras, Gra\u00e7a Foster, frisou que ativos ter\u00e3o baixa, se for preciso:<\/p>\n<p>&#8211; Se necess\u00e1rio, vamos dar baixa, sim (nos ativos) em que acharmos que \u00e9 correto fazer. Al\u00e9m das sinergias que s\u00e3o valiosas, n\u00f3s vamos dar baixa, sim &#8211; disse ela. &#8211; Estamos trabalhando desesperadamente desde o dia em que passamos do prazo de entregar o relat\u00f3rio auditado &#8211; complementou.<\/p>\n<p>Gra\u00e7a Foster destacou o custo com as contrata\u00e7\u00f5es de empresas no Brasil e no exterior para apurar os casos de corrup\u00e7\u00e3o:<\/p>\n<p>&#8211; O custo \u00e9 de R$ 150 milh\u00f5es. A investiga\u00e7\u00e3o pode levar de um a dois anos. Quem sabe, um pouco mais &#8211; disse.<\/p>\n<p><strong>Plano de neg\u00f3cios<\/strong><\/p>\n<p>A Petrobras s\u00f3 deve lan\u00e7ar o Plano de Neg\u00f3cios 2015-2019 no final do primeiro semestre deste ano. Segundo Gra\u00e7a, a ess\u00eancia desse plano \u00e9 a revis\u00e3o do crescimento da Petrobras.<\/p>\n<p>&#8211; Em 2014, levamos em fevereiro o Plano de Neg\u00f3cios e Gest\u00e3o (PNG) e o Plano de 2030. Supomos que no fim do primeiro semestre vamos ter mais certeza de vari\u00e1veis como c\u00e2mbio e Opera\u00e7\u00e3o Lava-Jato. Seria prematuro apresentar um PNG t\u00e3o cedo &#8211; disse Gra\u00e7a.<\/p>\n<p>A presidente da estatal explicou que a ess\u00eancia do plano \u00e9 a revis\u00e3o do crescimento da Petrobras.<\/p>\n<p>&#8211; A Petrobras rev\u00ea seu crescimento e tem mais espa\u00e7o em 2016 e 2017 e evitar contratar mais d\u00edvidas. Se a \u00e1rea de explora\u00e7\u00e3o era priorit\u00e1ria, hoje ela toma uma dimens\u00e3o maior. \u00c9 priorit\u00e1ria e seletiva. Projetos de menor atratividade v\u00e3o para o final da fila. A ess\u00eancia \u00e9 a revis\u00e3o do crescimento da Petrobras nos pr\u00f3ximos anos &#8211; afirmou.<\/p>\n<p>Fonte: O Globo<\/p>\n","protected":false},"excerpt":{"rendered":"<p>Empresa tamb\u00e9m reduziu atividades do Comperj e cancelou as refinarias Premium I e Premium II Ap\u00f3s reduzir as atividades do Comperj e cancelar as refinarias&#8230;<\/p>\n","protected":false},"author":1182,"featured_media":4453,"comment_status":"closed","ping_status":"closed","sticky":false,"template":"","format":"standard","meta":{"footnotes":""},"categories":[6],"tags":[284,700,1587,297,126,503,58,108],"class_list":["post-10358","post","type-post","status-publish","format-standard","has-post-thumbnail","hentry","category-noticias","tag-abreu-e-lima","tag-atrasos","tag-cancelado","tag-investigacao","tag-obras","tag-pagamentos","tag-petrobras","tag-refinaria"],"_links":{"self":[{"href":"https:\/\/www.sincomam.org.br\/index.php\/wp-json\/wp\/v2\/posts\/10358","targetHints":{"allow":["GET"]}}],"collection":[{"href":"https:\/\/www.sincomam.org.br\/index.php\/wp-json\/wp\/v2\/posts"}],"about":[{"href":"https:\/\/www.sincomam.org.br\/index.php\/wp-json\/wp\/v2\/types\/post"}],"author":[{"embeddable":true,"href":"https:\/\/www.sincomam.org.br\/index.php\/wp-json\/wp\/v2\/users\/1182"}],"replies":[{"embeddable":true,"href":"https:\/\/www.sincomam.org.br\/index.php\/wp-json\/wp\/v2\/comments?post=10358"}],"version-history":[{"count":1,"href":"https:\/\/www.sincomam.org.br\/index.php\/wp-json\/wp\/v2\/posts\/10358\/revisions"}],"predecessor-version":[{"id":10359,"href":"https:\/\/www.sincomam.org.br\/index.php\/wp-json\/wp\/v2\/posts\/10358\/revisions\/10359"}],"wp:featuredmedia":[{"embeddable":true,"href":"https:\/\/www.sincomam.org.br\/index.php\/wp-json\/wp\/v2\/media\/4453"}],"wp:attachment":[{"href":"https:\/\/www.sincomam.org.br\/index.php\/wp-json\/wp\/v2\/media?parent=10358"}],"wp:term":[{"taxonomy":"category","embeddable":true,"href":"https:\/\/www.sincomam.org.br\/index.php\/wp-json\/wp\/v2\/categories?post=10358"},{"taxonomy":"post_tag","embeddable":true,"href":"https:\/\/www.sincomam.org.br\/index.php\/wp-json\/wp\/v2\/tags?post=10358"}],"curies":[{"name":"wp","href":"https:\/\/api.w.org\/{rel}","templated":true}]}}