{"id":10339,"date":"2015-01-29T10:47:19","date_gmt":"2015-01-29T12:47:19","guid":{"rendered":"http:\/\/www.sincomam.org.br\/?p=10339"},"modified":"2015-01-29T10:47:19","modified_gmt":"2015-01-29T12:47:19","slug":"projetos-para-modernizar-porto-de-cabedelo-serao-discutidos-em-brasilia","status":"publish","type":"post","link":"https:\/\/www.sincomam.org.br\/index.php\/projetos-para-modernizar-porto-de-cabedelo-serao-discutidos-em-brasilia\/","title":{"rendered":"Projetos para modernizar Porto de Cabedelo ser\u00e3o discutidos em Bras\u00edlia"},"content":{"rendered":"<p>O presidente da Companhia Docas da Para\u00edba, Luc\u00e9lio Cartaxo, viaja \u00e0 Bras\u00edlia ontem, quarta-feira (28), para acompanhar o andamento dos projetos de moderniza\u00e7\u00e3o do Porto de Cabedelo.<\/p>\n<p>\u201cVamos com expectativa positiva, entusiasmo no sentido\u00a0 de fazer com que a gente possa alcan\u00e7ar esse objetivo\u201d, declarou Luc\u00e9lio Cartaxo.<\/p>\n<p>Em Bras\u00edlia, al\u00e9m da agenda administrativa no Minist\u00e9rio da Pesca e Aquicultura, e em outros \u00f3rg\u00e3os at\u00e9 a sexta-feira (30), o gestor do Porto de Cabedelo tamb\u00e9m ter\u00e1 encontro com parlamentares da bancada paraibana para tratar sobre o apoio aos projetos do Governo do Estado relacionados \u00e0 moderniza\u00e7\u00e3o do porto.<\/p>\n<p>De acordo com Luc\u00e9lio Cartaxo, uma das a\u00e7\u00f5es essenciais ser\u00e1 o calado que ficar\u00e1 mais profundo. \u201cO que precisamos \u00e9 aprofundar ainda mais o calado para que o porto receba navios de grande porte e, com isto, a gente possa aumentar a nossa receita e o porto realize o seu papel de ser um indutor de desenvolvimento econ\u00f4mico da Para\u00edba\u201d, ressaltou.<\/p>\n<p>Luc\u00e9lio lembrou que o governador Ricardo Coutinho j\u00e1 tratou do assunto com a presidente Dilma, que tem conhecimento dos projetos, que superam R$ 400 milh\u00f5es. No dia-a-dia, o Porto segue com suas a\u00e7\u00f5es recebendo navios que realizam embarques e desembarques de cargas.<\/p>\n<p>Fonte: Secom-PB<\/p>\n","protected":false},"excerpt":{"rendered":"<p>O presidente da Companhia Docas da Para\u00edba, Luc\u00e9lio Cartaxo, viaja \u00e0 Bras\u00edlia ontem, quarta-feira (28), para acompanhar o andamento dos projetos de moderniza\u00e7\u00e3o do Porto&#8230;<\/p>\n","protected":false},"author":1182,"featured_media":10000,"comment_status":"closed","ping_status":"closed","sticky":false,"template":"","format":"standard","meta":{"footnotes":""},"categories":[6],"tags":[],"class_list":["post-10339","post","type-post","status-publish","format-standard","has-post-thumbnail","hentry","category-noticias"],"_links":{"self":[{"href":"https:\/\/www.sincomam.org.br\/index.php\/wp-json\/wp\/v2\/posts\/10339","targetHints":{"allow":["GET"]}}],"collection":[{"href":"https:\/\/www.sincomam.org.br\/index.php\/wp-json\/wp\/v2\/posts"}],"about":[{"href":"https:\/\/www.sincomam.org.br\/index.php\/wp-json\/wp\/v2\/types\/post"}],"author":[{"embeddable":true,"href":"https:\/\/www.sincomam.org.br\/index.php\/wp-json\/wp\/v2\/users\/1182"}],"replies":[{"embeddable":true,"href":"https:\/\/www.sincomam.org.br\/index.php\/wp-json\/wp\/v2\/comments?post=10339"}],"version-history":[{"count":1,"href":"https:\/\/www.sincomam.org.br\/index.php\/wp-json\/wp\/v2\/posts\/10339\/revisions"}],"predecessor-version":[{"id":10340,"href":"https:\/\/www.sincomam.org.br\/index.php\/wp-json\/wp\/v2\/posts\/10339\/revisions\/10340"}],"wp:featuredmedia":[{"embeddable":true,"href":"https:\/\/www.sincomam.org.br\/index.php\/wp-json\/wp\/v2\/media\/10000"}],"wp:attachment":[{"href":"https:\/\/www.sincomam.org.br\/index.php\/wp-json\/wp\/v2\/media?parent=10339"}],"wp:term":[{"taxonomy":"category","embeddable":true,"href":"https:\/\/www.sincomam.org.br\/index.php\/wp-json\/wp\/v2\/categories?post=10339"},{"taxonomy":"post_tag","embeddable":true,"href":"https:\/\/www.sincomam.org.br\/index.php\/wp-json\/wp\/v2\/tags?post=10339"}],"curies":[{"name":"wp","href":"https:\/\/api.w.org\/{rel}","templated":true}]}}