{"id":10310,"date":"2015-01-27T08:37:54","date_gmt":"2015-01-27T10:37:54","guid":{"rendered":"http:\/\/www.sincomam.org.br\/?p=10310"},"modified":"2015-01-27T08:38:12","modified_gmt":"2015-01-27T10:38:12","slug":"10310","status":"publish","type":"post","link":"https:\/\/www.sincomam.org.br\/index.php\/10310\/","title":{"rendered":"Centrais sindicais protestar\u00e3o contra mudan\u00e7as em benef\u00edcios sociais"},"content":{"rendered":"<p>As seis maiores centrais sindicais do pa\u00eds promover\u00e3o quarta-feira (28) uma manifesta\u00e7\u00e3o para pedir a revoga\u00e7\u00e3o das medidas provis\u00f3rias (MP) 664 e 665, anunciadas no fim do ano passado. As duas medidas alteram regras sobre pens\u00e3o, aux\u00edlio-doen\u00e7a e seguro-desemprego.<\/p>\n<p>Durante o ato, que come\u00e7ar\u00e1 no Museu de Arte de S\u00e3o Paulo, na Avenida Paulista, e seguir\u00e1 em passeata. Os representantes das centrais far\u00e3o duas paradas (uma no pr\u00e9dio do Minist\u00e9rio da Fazenda e outra na Petrobras) para entregar um documento expressando a insatisfa\u00e7\u00e3o dos trabalhadores.<\/p>\n<p>De acordo com o secret\u00e1rio de Organiza\u00e7\u00e3o e Pol\u00edticas Sindicais da Uni\u00e3o Geral dos Trabalhadores (UGT), Francisco Pereira de Souza, o objetivo \u00e9 discutir a defesa dos direitos e o emprego dos trabalhadores, porque, na avalia\u00e7\u00e3o das seis centrais sindicais, as medidas do governo v\u00e3o causar preju\u00edzos importantes para a sociedade.<\/p>\n<p>\u201cNossa mobiliza\u00e7\u00e3o \u00e9 tamb\u00e9m em fun\u00e7\u00e3o de um certo descontentamento, porque estivemos com o governo em algumas ocasi\u00f5es, e a n\u00f3s foi dito que os trabalhadores n\u00e3o teriam nenhuma surpresa, e que n\u00e3o haveria mudan\u00e7a em seus direitos. Mas fomos surpreendidos. N\u00e3o concordamos com elas [medidas provis\u00f3rias], nem com a forma como foram anunciadas. Vamos propor que o governo reveja as medidas\u201d, disse o sindicalista.<\/p>\n<p>Para o representante da Nova Central Sindical (NCTS), Luiz Gon\u00e7alves, \u00e9 preciso que o governo n\u00e3o apenas minimize os efeitos das MPs para os trabalhadores, mas tamb\u00e9m atender \u00e0s reivindica\u00e7\u00f5es feitas h\u00e1 muito tempo. \u201cS\u00e3o documentos que est\u00e3o protocolados desde o momento da campanha eleitoral.\u201d<\/p>\n<p>O secret\u00e1rio-geral da For\u00e7a Sindical, Jo\u00e3o Carlos Gon\u00e7alves, acha que as medidas prejudicar\u00e3o, n\u00e3o somente os trabalhadores, mas a economia do pa\u00eds. \u201cQuanto mais renda e consumo, mais a ind\u00fastria trabalha e h\u00e1 gera\u00e7\u00e3o de empregos. Queremos dar uma resposta ao governo de que as MPs prejudicam o desenvolvimento do pa\u00eds. Faremos o poss\u00edvel para que o governo modifique as propostas.\u201d<\/p>\n<p>O secret\u00e1rio-geral da Central \u00danica dos Trabalhadores (CUT), S\u00e9rgio Nobre, destaca que \u00e9 preciso resgatar um compromisso de campanha da presidenta Dilma Rousseff. Ela disse que n\u00e3o faria ajustes na produ\u00e7\u00e3o industrial ou nos direitos trabalhistas. Para Nobre, as medidas empurrar\u00e3o o pa\u00eds para uma crise econ\u00f4mica.<\/p>\n<p>\u201cO pacote anunciado dia 30 de dezembro restringe a produ\u00e7\u00e3o, o cr\u00e9dito, aumenta juros. E o pacote dos direitos sociais afeta a aposentadoria e o seguro-desemprego, o que \u00e9 inaceit\u00e1vel. Hoje um trabalhador que se aposenta sofre o redutor do fator previdenci\u00e1rio, e agora, al\u00e9m disso, quando ele falece, h\u00e1 um novo redutor sobre a pens\u00e3o.\u201d<\/p>\n<p>O secret\u00e1rio-geral da Central dos Trabalhadores e Trabalhadoras do Brasil (CTB), Wagner Gomes, explicou que o protesto \u00e9 preparat\u00f3rio para uma grande manifesta\u00e7\u00e3o no dia 26 de fevereiro. \u201cN\u00e3o vamos aceitar calados que se estabele\u00e7a uma pol\u00edtica econ\u00f4mica que vai levar o pa\u00eds a uma paralisa\u00e7\u00e3o. As MPs s\u00e3o restritivas e a consequ\u00eancia \u00e9 a demiss\u00e3o [de trabalhadores].\u201d<\/p>\n<p>O presidente da Central dos Sindicatos Brasileiros (CSB), \u00c1lvaro Egea, ressaltou que n\u00e3o \u00e9 poss\u00edvel o Brasil continuar no caminho do desenvolvimento e valoriza\u00e7\u00e3o do emprego com a pol\u00edtica anunciada pelo governo. \u201cO governo foi capturado pela pol\u00edtica derrotada nas urnas. \u00c9 uma contradi\u00e7\u00e3o muito grande. N\u00e3o s\u00f3 os trabalhadores, mas h\u00e1 setores do governo e empres\u00e1rios que tamb\u00e9m discordam. N\u00e3o vamos aceitar que, para recuperar a economia, coloque-se em primeiro lugar o interesse do capital financeiro\u201d, afirmou.<\/p>\n<p>Fonte: Ag\u00eancia Brasil<\/p>\n","protected":false},"excerpt":{"rendered":"<p>As seis maiores centrais sindicais do pa\u00eds promover\u00e3o quarta-feira (28) uma manifesta\u00e7\u00e3o para pedir a revoga\u00e7\u00e3o das medidas provis\u00f3rias (MP) 664 e 665, anunciadas no&#8230;<\/p>\n","protected":false},"author":1182,"featured_media":10055,"comment_status":"closed","ping_status":"closed","sticky":false,"template":"","format":"standard","meta":{"footnotes":""},"categories":[6],"tags":[],"class_list":["post-10310","post","type-post","status-publish","format-standard","has-post-thumbnail","hentry","category-noticias"],"_links":{"self":[{"href":"https:\/\/www.sincomam.org.br\/index.php\/wp-json\/wp\/v2\/posts\/10310","targetHints":{"allow":["GET"]}}],"collection":[{"href":"https:\/\/www.sincomam.org.br\/index.php\/wp-json\/wp\/v2\/posts"}],"about":[{"href":"https:\/\/www.sincomam.org.br\/index.php\/wp-json\/wp\/v2\/types\/post"}],"author":[{"embeddable":true,"href":"https:\/\/www.sincomam.org.br\/index.php\/wp-json\/wp\/v2\/users\/1182"}],"replies":[{"embeddable":true,"href":"https:\/\/www.sincomam.org.br\/index.php\/wp-json\/wp\/v2\/comments?post=10310"}],"version-history":[{"count":2,"href":"https:\/\/www.sincomam.org.br\/index.php\/wp-json\/wp\/v2\/posts\/10310\/revisions"}],"predecessor-version":[{"id":10312,"href":"https:\/\/www.sincomam.org.br\/index.php\/wp-json\/wp\/v2\/posts\/10310\/revisions\/10312"}],"wp:featuredmedia":[{"embeddable":true,"href":"https:\/\/www.sincomam.org.br\/index.php\/wp-json\/wp\/v2\/media\/10055"}],"wp:attachment":[{"href":"https:\/\/www.sincomam.org.br\/index.php\/wp-json\/wp\/v2\/media?parent=10310"}],"wp:term":[{"taxonomy":"category","embeddable":true,"href":"https:\/\/www.sincomam.org.br\/index.php\/wp-json\/wp\/v2\/categories?post=10310"},{"taxonomy":"post_tag","embeddable":true,"href":"https:\/\/www.sincomam.org.br\/index.php\/wp-json\/wp\/v2\/tags?post=10310"}],"curies":[{"name":"wp","href":"https:\/\/api.w.org\/{rel}","templated":true}]}}