{"id":10302,"date":"2015-01-27T08:14:03","date_gmt":"2015-01-27T10:14:03","guid":{"rendered":"http:\/\/www.sincomam.org.br\/?p=10302"},"modified":"2015-01-27T08:14:03","modified_gmt":"2015-01-27T10:14:03","slug":"petrobras-faz-nova-descoberta-de-petroleo-em-terra-no-ceara","status":"publish","type":"post","link":"https:\/\/www.sincomam.org.br\/index.php\/petrobras-faz-nova-descoberta-de-petroleo-em-terra-no-ceara\/","title":{"rendered":"Petrobras faz nova descoberta de petr\u00f3leo em terra no Cear\u00e1"},"content":{"rendered":"<p>A Petrobras descobriu novos ind\u00edcios de petr\u00f3leo em concess\u00e3o que possui no territ\u00f3rio cearense. A notifica\u00e7\u00e3o foi feita no \u00faltimo dia 19, \u00e0 Ag\u00eancia Nacional de Petr\u00f3leo (ANP) e trata-se de uma descoberta na Fazenda Bel\u00e9m, campo terrestre que se espalha pelos munic\u00edpios de Icapu\u00ed, Aracati e Jaguaruana.<\/p>\n<p>A Fazenda Bel\u00e9m se localiza na Bacia Potiguar, que abrange campos no Rio Grande do Norte e Cear\u00e1. De acordo com informa\u00e7\u00f5es da ANP, a descoberta foi feita no po\u00e7o denominado 3BRSA1277CE. Essa \u00e9 a segunda notifica\u00e7\u00e3o de descoberta no mesmo po\u00e7o em dois meses.<\/p>\n<p>Um pouco antes disso, em outubro, a estatal notificou a ag\u00eancia de outra descoberta no po\u00e7o 3BRSA1275CE, tamb\u00e9m na Fazenda Bel\u00e9m. Antes destas, a \u00faltima descoberta de ind\u00edcios de \u00f3leo no Cear\u00e1 foi em setembro de 2013, em po\u00e7o mar\u00edtimo tamb\u00e9m na Bacia Potiguar, a uma profundidade de 1.924 metros.<\/p>\n<p><strong>Campo maduro<\/strong><\/p>\n<p>As descobertas na Fazenda Bel\u00e9m podem ajudar a recuperar a produ\u00e7\u00e3o no campo, que j\u00e1 sofreu redu\u00e7\u00e3o de 45%, do volume explorado entre os anos de 2009 e 2013. Por j\u00e1 ser uma \u00e1rea de explora\u00e7\u00e3o madura, de v\u00e1rios anos, a queda \u00e9 considerada normal. Entretanto, a Petrobras est\u00e1 buscando recuperar a produ\u00e7\u00e3o na \u00e1rea, com um projeto iniciado em mar\u00e7o do ano passado, que prev\u00ea a perfura\u00e7\u00e3o de 72 novos po\u00e7os no campo .<\/p>\n<p>Al\u00e9m de elevar a produ\u00e7\u00e3o e o fator de recupera\u00e7\u00e3o, a petrol\u00edfera pretende agregar reservas com essas novas perfura\u00e7\u00f5es. O volume de petr\u00f3leo recuperado na Fazenda Bel\u00e9m voltou a crescer em outubro do ano passado e, de janeiro at\u00e9 novembro, j\u00e1 acumulava incremento de 4,9% sobre o mesmo per\u00edodo de 2013.<\/p>\n<p>Caso o m\u00eas de dezembro tenha mantido bons resultados &#8211; os dados ainda n\u00e3o foram divulgados pela ANP -, o campo reverter\u00e1 a tend\u00eancia de decl\u00ednio, mas ainda estar\u00e1 distante dos volumes registrados em 2003, quando foram produzidos 996,7 mil barris de petr\u00f3leo. Nos nove primeiros meses do ano passado, a produ\u00e7\u00e3o terrestre foi de 369,7 mil barris.<\/p>\n<p><strong>Novos po\u00e7os<\/strong><\/p>\n<p>A estatal tamb\u00e9m havia informado, em 2013, que estava analisando um projeto para perfura\u00e7\u00e3o de cerca de mil novos po\u00e7os no local, at\u00e9 este ano, o que quase triplicaria a produ\u00e7\u00e3o de petr\u00f3leo, em terra da empresa, no campo explorat\u00f3rio. A Petrobras, no entanto, n\u00e3o voltou maia a falar sobre este plano.<\/p>\n<p>O campo de Fazenda Bel\u00e9m foi descoberto em mar\u00e7o de 1980 e teve sua explora\u00e7\u00e3o concedida \u00e0 Petrobras em 1998. O Cear\u00e1 terminou o ano de 2013 com 317 po\u00e7os terrestres, de acordo com dados do Anu\u00e1rio Estat\u00edstico 2014 da ANP.<\/p>\n<p>A produ\u00e7\u00e3o terrestre, contudo, s\u00f3 representa 15% do petr\u00f3leo extra\u00eddo atualmente no Estado. Todo o restante \u00e9 produzido em quatro campos mar\u00edtimos no litoral de Paracuru, na Bacia petrol\u00edfera do Cear\u00e1.<\/p>\n<p><strong>Opep diz que pre\u00e7os podem se recuperar em breve<\/strong><\/p>\n<p>Os pre\u00e7os do petr\u00f3leo podem ter atingido um piso nos n\u00edveis atuais e podem se recuperar muito em breve, afirmou o secret\u00e1rio-geral da Organiza\u00e7\u00e3o dos Pa\u00edses Exportadores de Petr\u00f3leo (Opep), Abdullah al-Badri, ontem. &#8220;Agora os pre\u00e7os est\u00e3o em torno de US$ 45 e US$ 55 e eu acho que talvez tenham atingido um piso e ver\u00e3o alguma recupera\u00e7\u00e3o muito em breve&#8221;, afirmou Badri.<\/p>\n<p>O petr\u00f3leo Brent operava pr\u00f3ximo a US$ 49 por barril, nesta segunda-feira. Badri alertou que qualquer corte de fornecimento de petr\u00f3leo da Opep levaria a uma capacidade ociosa, redu\u00e7\u00e3o de investimento e um eventual escassez futura e alta exagerada de pre\u00e7os. &#8220;Suponha que cortemos a produ\u00e7\u00e3o, e ent\u00e3o n\u00f3s vamos ter capacidade ociosa&#8221;, disse, e completou: &#8220;os produtores, quando t\u00eam excesso de capacidade, n\u00e3o v\u00e3o investir&#8221;.<\/p>\n<p>&#8220;Se eles n\u00e3o investirem, n\u00e3o haver\u00e1 mais oferta, se n\u00e3o houver mais oferta, haver\u00e1 uma escassez no mercado depois de tr\u00eas ou quatro anos e o pre\u00e7o vai subir e vamos ver uma repeti\u00e7\u00e3o de 2008. Talvez a gente v\u00e1 a 200 d\u00f3lares, se houver uma verdadeira escassez de oferta devido \u00e0 falta de investimento&#8221;, disse.<\/p>\n<p><strong>Mudan\u00e7a de pol\u00edtica<\/strong><\/p>\n<p>O secret\u00e1rio-geral da Organiza\u00e7\u00e3o ainda declarou que \u00e9 necess\u00e1rio mais tempo antes de qualquer conversa sobre uma mudan\u00e7a na pol\u00edtica de produ\u00e7\u00e3o, pelos membros da Opep.<\/p>\n<p>&#8220;Vai levar mais de quatro ou cinco meses e n\u00e3o vamos ver alguns esfor\u00e7os concretos antes do fim do primeiro semestre do ano, j\u00e1 que vamos ver como o mercado se comporta no fim do primeiro semestre de 2015&#8221;, declarou. Badri ainda defendeu a decis\u00e3o da Opep de novembro, de deixar sua meta de produ\u00e7\u00e3o inalterada.<\/p>\n<p>Questionado sobre as perspectivas para a pol\u00edtica de petr\u00f3leo da Ar\u00e1bia Saudita com a posse de um novo rei, o secret\u00e1rio-geral afirmou: &#8220;A Ar\u00e1bia Saudita \u00e9 um pa\u00eds est\u00e1vel, tem um governo est\u00e1vel e eu acho que as coisas v\u00e3o ser normais&#8221;.<\/p>\n<p>Fonte: Di\u00e1rio do Nordeste (CE)\/S\u00e9rgio de Sousa<\/p>\n","protected":false},"excerpt":{"rendered":"<p>A Petrobras descobriu novos ind\u00edcios de petr\u00f3leo em concess\u00e3o que possui no territ\u00f3rio cearense. A notifica\u00e7\u00e3o foi feita no \u00faltimo dia 19, \u00e0 Ag\u00eancia Nacional&#8230;<\/p>\n","protected":false},"author":1182,"featured_media":6396,"comment_status":"closed","ping_status":"closed","sticky":false,"template":"","format":"standard","meta":{"footnotes":""},"categories":[1],"tags":[],"class_list":["post-10302","post","type-post","status-publish","format-standard","has-post-thumbnail","hentry","category-sem-categoria"],"_links":{"self":[{"href":"https:\/\/www.sincomam.org.br\/index.php\/wp-json\/wp\/v2\/posts\/10302","targetHints":{"allow":["GET"]}}],"collection":[{"href":"https:\/\/www.sincomam.org.br\/index.php\/wp-json\/wp\/v2\/posts"}],"about":[{"href":"https:\/\/www.sincomam.org.br\/index.php\/wp-json\/wp\/v2\/types\/post"}],"author":[{"embeddable":true,"href":"https:\/\/www.sincomam.org.br\/index.php\/wp-json\/wp\/v2\/users\/1182"}],"replies":[{"embeddable":true,"href":"https:\/\/www.sincomam.org.br\/index.php\/wp-json\/wp\/v2\/comments?post=10302"}],"version-history":[{"count":1,"href":"https:\/\/www.sincomam.org.br\/index.php\/wp-json\/wp\/v2\/posts\/10302\/revisions"}],"predecessor-version":[{"id":10303,"href":"https:\/\/www.sincomam.org.br\/index.php\/wp-json\/wp\/v2\/posts\/10302\/revisions\/10303"}],"wp:featuredmedia":[{"embeddable":true,"href":"https:\/\/www.sincomam.org.br\/index.php\/wp-json\/wp\/v2\/media\/6396"}],"wp:attachment":[{"href":"https:\/\/www.sincomam.org.br\/index.php\/wp-json\/wp\/v2\/media?parent=10302"}],"wp:term":[{"taxonomy":"category","embeddable":true,"href":"https:\/\/www.sincomam.org.br\/index.php\/wp-json\/wp\/v2\/categories?post=10302"},{"taxonomy":"post_tag","embeddable":true,"href":"https:\/\/www.sincomam.org.br\/index.php\/wp-json\/wp\/v2\/tags?post=10302"}],"curies":[{"name":"wp","href":"https:\/\/api.w.org\/{rel}","templated":true}]}}