{"id":10296,"date":"2015-01-27T07:58:39","date_gmt":"2015-01-27T09:58:39","guid":{"rendered":"http:\/\/www.sincomam.org.br\/?p=10296"},"modified":"2015-01-27T07:58:39","modified_gmt":"2015-01-27T09:58:39","slug":"antaq-celebra-contrato-de-adesao-com-empresa-portonave","status":"publish","type":"post","link":"https:\/\/www.sincomam.org.br\/index.php\/antaq-celebra-contrato-de-adesao-com-empresa-portonave\/","title":{"rendered":"ANTAQ celebra contrato de ades\u00e3o com Empresa Portonave"},"content":{"rendered":"<p>A ANTAQ, em nome da Uni\u00e3o, celebrou com a Empresa Portonave S\/A. &#8211; Terminais Portu\u00e1rios de Navegantes contrato de ades\u00e3o adaptado \u00e0 Lei n\u00ba 12.815\/2013. A assinatura aconteceu, na manh\u00e3 de hoje (26), na sede da Ag\u00eancia, em Bras\u00edlia. Pela ANTAQ, participaram os diretores M\u00e1rio Povia (diretor-geral), Fernando Fonseca e Adalberto Tokarski, e pelo terminal os seus diretores administrativo e operacional, Osmari de Castilho Ribas e Ren\u00ea Duarte.<\/p>\n<p>Com a assinatura do contrato, a empresa fica autorizada a explorar instala\u00e7\u00e3o portu\u00e1ria na modalidade Terminal de Uso Privado, denominada Portonave S\/A. &#8211; Terminais Portu\u00e1rio de Navegantes, localizada em Navegantes, em Santa Catarina. A autoriza\u00e7\u00e3o compreende a movimenta\u00e7\u00e3o e armazenagem de carga geral e carga conteinerizada. A \u00e1rea autorizada para explora\u00e7\u00e3o da instala\u00e7\u00e3o portu\u00e1ria corresponde a 597.565,00m\u00b2 metros quadrados.<\/p>\n<p>A autoriza\u00e7\u00e3o do terminal ter\u00e1 vig\u00eancia por 25 anos contados da data de assinatura do contrato de ades\u00e3o, prorrog\u00e1vel por per\u00edodos sucessivos mediante a manuten\u00e7\u00e3o da atividade pela autorizada e realiza\u00e7\u00e3o dos investimentos necess\u00e1rios \u00e0 expans\u00e3o e moderniza\u00e7\u00e3o das instala\u00e7\u00f5es portu\u00e1rias.<\/p>\n<p>Fonte: Antaq<\/p>\n","protected":false},"excerpt":{"rendered":"<p>A ANTAQ, em nome da Uni\u00e3o, celebrou com a Empresa Portonave S\/A. &#8211; Terminais Portu\u00e1rios de Navegantes contrato de ades\u00e3o adaptado \u00e0 Lei n\u00ba 12.815\/2013&#8230;.<\/p>\n","protected":false},"author":1182,"featured_media":6017,"comment_status":"closed","ping_status":"closed","sticky":false,"template":"","format":"standard","meta":{"footnotes":""},"categories":[6],"tags":[],"class_list":["post-10296","post","type-post","status-publish","format-standard","has-post-thumbnail","hentry","category-noticias"],"_links":{"self":[{"href":"https:\/\/www.sincomam.org.br\/index.php\/wp-json\/wp\/v2\/posts\/10296","targetHints":{"allow":["GET"]}}],"collection":[{"href":"https:\/\/www.sincomam.org.br\/index.php\/wp-json\/wp\/v2\/posts"}],"about":[{"href":"https:\/\/www.sincomam.org.br\/index.php\/wp-json\/wp\/v2\/types\/post"}],"author":[{"embeddable":true,"href":"https:\/\/www.sincomam.org.br\/index.php\/wp-json\/wp\/v2\/users\/1182"}],"replies":[{"embeddable":true,"href":"https:\/\/www.sincomam.org.br\/index.php\/wp-json\/wp\/v2\/comments?post=10296"}],"version-history":[{"count":1,"href":"https:\/\/www.sincomam.org.br\/index.php\/wp-json\/wp\/v2\/posts\/10296\/revisions"}],"predecessor-version":[{"id":10297,"href":"https:\/\/www.sincomam.org.br\/index.php\/wp-json\/wp\/v2\/posts\/10296\/revisions\/10297"}],"wp:featuredmedia":[{"embeddable":true,"href":"https:\/\/www.sincomam.org.br\/index.php\/wp-json\/wp\/v2\/media\/6017"}],"wp:attachment":[{"href":"https:\/\/www.sincomam.org.br\/index.php\/wp-json\/wp\/v2\/media?parent=10296"}],"wp:term":[{"taxonomy":"category","embeddable":true,"href":"https:\/\/www.sincomam.org.br\/index.php\/wp-json\/wp\/v2\/categories?post=10296"},{"taxonomy":"post_tag","embeddable":true,"href":"https:\/\/www.sincomam.org.br\/index.php\/wp-json\/wp\/v2\/tags?post=10296"}],"curies":[{"name":"wp","href":"https:\/\/api.w.org\/{rel}","templated":true}]}}