{"id":10264,"date":"2015-01-23T09:19:07","date_gmt":"2015-01-23T11:19:07","guid":{"rendered":"http:\/\/www.sincomam.org.br\/?p=10264"},"modified":"2015-01-23T11:21:50","modified_gmt":"2015-01-23T13:21:50","slug":"anp-vai-investir-r-77-milhoes-em-centro-de-tecnologia-em-santos","status":"publish","type":"post","link":"https:\/\/www.sincomam.org.br\/index.php\/anp-vai-investir-r-77-milhoes-em-centro-de-tecnologia-em-santos\/","title":{"rendered":"ANP vai investir R$ 77 milh\u00f5es em Centro de Tecnologia em Santos"},"content":{"rendered":"<p>O projeto do Centro Tecnol\u00f3gico da Baixada Santista (CTBS), polo gerenciado pelas universidades p\u00fablicas paulistas e que reunir\u00e1 pesquisadores de Petr\u00f3leo e G\u00e1s, foi apresentado ontem, quinta-feira (22), ao prefeito Paulo Alexandre Barbosa (PSDB).<\/p>\n<p>O projeto tem participa\u00e7\u00e3o de um Comit\u00ea T\u00e9cnico formado pelas universidades de S\u00e3o Paulo (USP), Estadual Paulista (Unesp) e de Campinas (Unicamp), e ter\u00e1 como parceiras outras nove institui\u00e7\u00f5es de ensino superior que atuam na regi\u00e3o. A Petrobras tamb\u00e9m ajuda na gest\u00e3o do equipamento.<\/p>\n<p>O pr\u00e9dio, de seis andares, ocupar\u00e1 \u00e1rea de cerca de 3 mil metros quadrados nos fundos do Cais Santista, na Rua Braz Cubas, com investimento de R$ 77 milh\u00f5es da Ag\u00eancia Nacional de Petr\u00f3leo (ANP).<\/p>\n<p>Conforme o cronograma apresentado pelo professor do Departamento de Engenharia Naval da USP, Bernardo Andrade, o plano aguarda aprova\u00e7\u00e3o do projeto arquitet\u00f4nico pela Prefeitura. Depois, se contratar\u00e1 a empresa que far\u00e1 as obras, previstas para o pr\u00f3ximo semestre.<\/p>\n<p>O centro funcionar\u00e1 ao lado do pr\u00e9dio da Funda\u00e7\u00e3o Parque Tecnol\u00f3gico de Santos, com obras em andadamento. \u201cVamos ter um grande polo de conhecimento na regi\u00e3o, que vai colaborar para o desenvolvimento da Baixada Santista e do Pa\u00eds. Os bairros do entorno tamb\u00e9m ser\u00e3o beneficiados\u201d, afirma o prefeito.<\/p>\n<p><strong>Mais planos<\/strong><\/p>\n<p>A regi\u00e3o tamb\u00e9m ganhar\u00e1 uma escola t\u00e9cnica, com curso de Petr\u00f3leo e G\u00e1s, na Escola Ac\u00e1cio Paula Leite Sampaio, na Vila Nova; e uma nova unidade da Fatec, que ser\u00e1 instalada na antiga Hospedaria dos Imigrantes, na Vila Mathias.<\/p>\n<p>O an\u00fancio desses dois polos de forma\u00e7\u00e3o deve ser feito hoje, sexta-feira (23), pelo vice-governador M\u00e1rcio Fran\u00e7a (PSB).<\/p>\n<p>Fonte: A Tribuna On-line\/Com informa\u00e7\u00f5es de Egle Cisterna<\/p>\n","protected":false},"excerpt":{"rendered":"<p>O projeto do Centro Tecnol\u00f3gico da Baixada Santista (CTBS), polo gerenciado pelas universidades p\u00fablicas paulistas e que reunir\u00e1 pesquisadores de Petr\u00f3leo e G\u00e1s, foi apresentado&#8230;<\/p>\n","protected":false},"author":1182,"featured_media":9504,"comment_status":"closed","ping_status":"closed","sticky":false,"template":"","format":"standard","meta":{"footnotes":""},"categories":[6],"tags":[],"class_list":["post-10264","post","type-post","status-publish","format-standard","has-post-thumbnail","hentry","category-noticias"],"_links":{"self":[{"href":"https:\/\/www.sincomam.org.br\/index.php\/wp-json\/wp\/v2\/posts\/10264","targetHints":{"allow":["GET"]}}],"collection":[{"href":"https:\/\/www.sincomam.org.br\/index.php\/wp-json\/wp\/v2\/posts"}],"about":[{"href":"https:\/\/www.sincomam.org.br\/index.php\/wp-json\/wp\/v2\/types\/post"}],"author":[{"embeddable":true,"href":"https:\/\/www.sincomam.org.br\/index.php\/wp-json\/wp\/v2\/users\/1182"}],"replies":[{"embeddable":true,"href":"https:\/\/www.sincomam.org.br\/index.php\/wp-json\/wp\/v2\/comments?post=10264"}],"version-history":[{"count":1,"href":"https:\/\/www.sincomam.org.br\/index.php\/wp-json\/wp\/v2\/posts\/10264\/revisions"}],"predecessor-version":[{"id":10265,"href":"https:\/\/www.sincomam.org.br\/index.php\/wp-json\/wp\/v2\/posts\/10264\/revisions\/10265"}],"wp:featuredmedia":[{"embeddable":true,"href":"https:\/\/www.sincomam.org.br\/index.php\/wp-json\/wp\/v2\/media\/9504"}],"wp:attachment":[{"href":"https:\/\/www.sincomam.org.br\/index.php\/wp-json\/wp\/v2\/media?parent=10264"}],"wp:term":[{"taxonomy":"category","embeddable":true,"href":"https:\/\/www.sincomam.org.br\/index.php\/wp-json\/wp\/v2\/categories?post=10264"},{"taxonomy":"post_tag","embeddable":true,"href":"https:\/\/www.sincomam.org.br\/index.php\/wp-json\/wp\/v2\/tags?post=10264"}],"curies":[{"name":"wp","href":"https:\/\/api.w.org\/{rel}","templated":true}]}}